{"id":112950,"date":"2021-03-11T05:00:00","date_gmt":"2021-03-11T10:00:00","guid":{"rendered":"https:\/\/linitiative.ca\/International\/le-funeste-huis-clos-du-9-juin-1984\/"},"modified":"2021-03-11T05:00:00","modified_gmt":"2021-03-11T10:00:00","slug":"le-funeste-huis-clos-du-9-juin-1984","status":"publish","type":"post","link":"https:\/\/linitiative.ca\/International\/le-funeste-huis-clos-du-9-juin-1984\/","title":{"rendered":"Le funeste huis clos du 9 juin 1984 !"},"content":{"rendered":"<p class=\"c3\">Ce n\u2019est jamais le moment ! Il faut attendre ! Il faut patienter ! Toujours attendre et toujours patienter ! En particulier quand on est somm\u00e9 de reconna\u00eetre avoir foul\u00e9 aux pieds les droits des femmes. Faire son mea culpa, corriger les abus inflig\u00e9s \u00e0 ces derni\u00e8res et les injustices commises \u00e0 leur \u00e9gard ? Il y a toujours un temps pour tout, sauf pour mettre un terme aux interpr\u00e9tations moyen\u00e2geuses que l\u2019on persiste \u00e0 encourager pour mieux contenir les \u00abd\u00e9bordements\u00bb f\u00e9minins. Surtout quand faire barrage \u00e0 la hargne islamiste n\u2019est pas au programme de ceux qui pr\u00e9f\u00e8rent l\u2019avoir pour alli\u00e9e que combattre son adversit\u00e9. N\u00e9gocier avec des illumin\u00e9s qui revendiquent leur appartenance \u00e0 une mouvance aux fondements meurtriers a toujours \u00e9t\u00e9 approuv\u00e9 comme le premier choix du syst\u00e8me.\u00a0<br \/>Une force qui se r\u00e9invente \u00e0 travers des alliances qui, contrairement \u00e0 ce que l\u2019on voudrait nous faire gober, le servent plus qu\u2019elles n\u2019ont envie de s\u2019en d\u00e9faire. On aurait tort de croire que l\u2019int\u00e9grisme a r\u00e9gress\u00e9 ou fait amende honorable en rejoignant les rangs d\u2019un Hirak qui n\u2019a pas perdu de sa vigueur. Un mouvement populaire dont on attend de voir s\u2019il a m\u00fbri au point de passer \u00e0 une autre phase. Celle de sa structuration.\u00a0\u00a0<br \/>J\u2019ai parl\u00e9 hier de reconqu\u00eate par les femmes de leurs droits jusque-l\u00e0 bafou\u00e9s et quand je dis \u00e0 son propos qu\u2019elle n\u2019est pas loin, ce sont de profonds espoirs que j\u2019exprime. Les miens et ceux de g\u00e9n\u00e9rations montantes en col\u00e8re. Une jeunesse qui finira par avoir gain de cause. Tous les r\u00eaves sont incontr\u00f4lables, voire invincibles ! Parce que quoi qu\u2019il leur en co\u00fbte, ces derni\u00e8res, les femmes, continueront d\u2019exiger que soit r\u00e9par\u00e9e l\u2019injustice qui leur a \u00e9t\u00e9 faite un funeste 9 juin 1984 par une Assembl\u00e9e acquise aux th\u00e8ses obscurantistes.\u00a0\u00a0<br \/>Les femmes sont actives ! La rel\u00e8ve est l\u00e0 qui campe sur ses intentions de faire reconsid\u00e9rer la d\u00e9testable r\u00e9alit\u00e9 qui r\u00e9v\u00e8le combien ses attentes sont malmen\u00e9es. Une r\u00e9alit\u00e9 qui alimente les r\u00e9voltes multiples dont celle inspir\u00e9e par le fait que la femme n\u2019est pas trait\u00e9e comme elle m\u00e9riterait de l\u2019\u00eatre. Un genre dont la contribution, au d\u00e9veloppement du pays, n\u2019est pas pay\u00e9e en retour.\u00a0<br \/><em><strong>M. B.<\/strong><\/em><\/p>\n<p>Auteur:<br \/>\n<a href=\"https:\/\/www.lesoirdalgerie.com\/soit-dit-en-passant\/le-funeste-huis-clos-du-9-juin-1984-57703\">Cliquez ici pour lire l&rsquo;article depuis sa source.<\/a><\/p>\n","protected":false},"excerpt":{"rendered":"<p>Ce n\u2019est jamais le moment ! Il faut attendre ! Il faut patienter ! Toujours attendre et toujours patienter ! En particulier quand on est somm\u00e9 de reconna\u00eetre avoir foul\u00e9 aux pieds les droits des femmes. Faire son mea culpa, corriger les abus inflig\u00e9s \u00e0 ces derni\u00e8res et les injustices commises \u00e0 leur \u00e9gard ? [&hellip;]<\/p>\n","protected":false},"author":1741,"featured_media":0,"comment_status":"closed","ping_status":"closed","sticky":false,"template":"","format":"standard","meta":{"fifu_image_url":"","fifu_image_alt":"","footnotes":""},"categories":[73,53],"tags":[],"class_list":["post-112950","post","type-post","status-publish","format-standard","hentry","category-actualite","category-algerie"],"_links":{"self":[{"href":"https:\/\/linitiative.ca\/International\/wp-json\/wp\/v2\/posts\/112950","targetHints":{"allow":["GET"]}}],"collection":[{"href":"https:\/\/linitiative.ca\/International\/wp-json\/wp\/v2\/posts"}],"about":[{"href":"https:\/\/linitiative.ca\/International\/wp-json\/wp\/v2\/types\/post"}],"author":[{"embeddable":true,"href":"https:\/\/linitiative.ca\/International\/wp-json\/wp\/v2\/users\/1741"}],"replies":[{"embeddable":true,"href":"https:\/\/linitiative.ca\/International\/wp-json\/wp\/v2\/comments?post=112950"}],"version-history":[{"count":0,"href":"https:\/\/linitiative.ca\/International\/wp-json\/wp\/v2\/posts\/112950\/revisions"}],"wp:attachment":[{"href":"https:\/\/linitiative.ca\/International\/wp-json\/wp\/v2\/media?parent=112950"}],"wp:term":[{"taxonomy":"category","embeddable":true,"href":"https:\/\/linitiative.ca\/International\/wp-json\/wp\/v2\/categories?post=112950"},{"taxonomy":"post_tag","embeddable":true,"href":"https:\/\/linitiative.ca\/International\/wp-json\/wp\/v2\/tags?post=112950"}],"curies":[{"name":"wp","href":"https:\/\/api.w.org\/{rel}","templated":true}]}}