{"id":112956,"date":"2021-03-11T16:13:10","date_gmt":"2021-03-11T21:13:10","guid":{"rendered":"https:\/\/linitiative.ca\/International\/faso-foot-luso-et-les-leopards-promettent-du-spectacle\/"},"modified":"2021-03-11T16:13:10","modified_gmt":"2021-03-11T21:13:10","slug":"faso-foot-luso-et-les-leopards-promettent-du-spectacle","status":"publish","type":"post","link":"https:\/\/linitiative.ca\/International\/faso-foot-luso-et-les-leopards-promettent-du-spectacle\/","title":{"rendered":"Faso foot : l\u2019USO et les L\u00e9opards promettent du spectacle"},"content":{"rendered":"<div class=\"td-post-featured-image\"><a href=\"https:\/\/www.sidwaya.info\/wp-content\/uploads\/2021\/03\/1-20.jpg\" data-caption=\"\"><img loading=\"lazy\" decoding=\"async\" width=\"595\" height=\"335\" class=\"entry-thumb td-modal-image\" src=\"https:\/\/www.sidwaya.info\/wp-content\/uploads\/2021\/03\/1-20.jpg\" srcset=\"https:\/\/www.sidwaya.info\/wp-content\/uploads\/2021\/03\/1-20.jpg 595w, https:\/\/www.sidwaya.info\/wp-content\/uploads\/2021\/03\/1-20-300x169.jpg 300w, https:\/\/www.sidwaya.info\/wp-content\/uploads\/2021\/03\/1-20-150x84.jpg 150w\" sizes=\"auto, (max-width: 595px) 100vw, 595px\" alt=\"\" title=\"1\"\/><\/a><\/div>\n<p><strong>En pr\u00e9lude \u00e0 la 14e journ\u00e9e de la D2 et \u00e0 la 20e de la D1 du Faso foot, les repr\u00e9sentants des L\u00e9opards de Saint-Camille, de l\u2019USO, de T\u00e9ma Bokin et de Santos ont anim\u00e9 la conf\u00e9rence de presse d\u2019avant-match, le jeudi 11 mars 2021 \u00e0 Ouagadougou.<\/strong><\/p>\n<p>Avec 19 points, les L\u00e9opards de Saint Camille sont log\u00e9s dans la zone rouge. Mais \u00ab\u00a0rien n\u2019est perdu et nous ne pensons m\u00eame pas \u00e0 retourner en deuxi\u00e8me division\u00a0\u00bb, a affirm\u00e9 le coach Issouf Ou\u00e9draogo, dit Lato en conf\u00e9rence d\u2019avant-match. Et pour chasser le spectre de la rel\u00e9gation, lui et ses gar\u00e7ons n\u2019entendent plus s\u2019\u00e9conomiser dans la qu\u00eate des points en cette seconde phase du championnat. Apr\u00e8s avoir battu le SC Majestic le weekend dernier, ils tenteront d\u2019encha\u00eener avec une autre victoire face \u00e0 l\u2019USO demain samedi 13 mars pour le compte de la 20e journ\u00e9e du championnat national de D1. \u00ab\u00a0Nous resterons dans notre philosophie. Nous avons beaucoup encaiss\u00e9 en premi\u00e8re partie par manque de concentration mais nous y avons beaucoup travaill\u00e9 et corrig\u00e9 cela pendant la pause\u00a0\u00bb, a assur\u00e9 le technicien. En face, les Aigles de Larl\u00e9 sont conscients de la d\u00e9licatesse de la t\u00e2che qui les attend.<\/p>\n<p>\u00ab\u00a0C\u2019est une \u00e9quipe joueuse, tr\u00e8s physique et tr\u00e8s homog\u00e8ne sur toute la ligne mais dans l\u2019ensemble notre sch\u00e9ma tactique restera aussi le m\u00eame\u00a0\u00bb, a r\u00e9pondu l\u2019entra\u00eeneur de l\u2019USO, Mousso Ou\u00e9draogo. Pour lui, la partie promet d\u2019\u00eatre offensive et la victoire sera pour l\u2019\u00e9quipe qui sera la plus r\u00e9aliste. Et si l\u2019adversaire est motiv\u00e9 par sa r\u00e9cente victoire, le coach Mousso Ou\u00e9draogo esp\u00e8re que l\u2019euphorie qui en a r\u00e9sult\u00e9 ouvrira des br\u00e8ches que son \u00e9quipe compte profiter. En D2 T\u00e8ma-Bokin sera oppos\u00e9 \u00e0 Santos FC dimanche. Class\u00e9e 3e, l\u2019\u00e9quipe de Bokin qui n\u2019a d\u2019yeux que pour la D1 entend tout donner pour cela et selon son encadreur Lass\u00e9na Sankara, cette ann\u00e9e sera la bonne. Quant \u00e0 son adversaire qui a des ambitions plus modestes de maintien, c\u2019est dans un bon esprit qu\u2019il essaiera de r\u00e9\u00e9diter l\u2019exploit de la phase aller lorsqu\u2019il \u00e9tait sorti de la confrontation avec les trois points.<\/p>\n<p class=\"c1\"><strong>Voro KORAHIRE<\/strong><\/p>\n<div class=\"td-a-rec td-a-rec-id-content_bottom tdi_33_a73 td_block_template_1\">\n<p><img loading=\"lazy\" decoding=\"async\" class=\"aligncenter size-full wp-image-27454\" src=\"https:\/\/www.sidwaya.info\/wp-content\/uploads\/2020\/10\/PUB-Bandeau-paiement-mobile-siteweb.jpg\" alt=\"\" width=\"728\" height=\"90\"\/><\/div>\n<p>Auteur: BM. Sidwaya<br \/>\n<a href=\"https:\/\/www.sidwaya.info\/blog\/2021\/03\/11\/faso-foot-luso-et-les-leopards-promettent-du-spectacle\/\">Cliquez ici pour lire l&rsquo;article depuis sa source.<\/a><\/p>\n","protected":false},"excerpt":{"rendered":"<p>En pr\u00e9lude \u00e0 la 14e journ\u00e9e de la D2 et \u00e0 la 20e de la D1 du Faso foot, les repr\u00e9sentants des L\u00e9opards de Saint-Camille, de l\u2019USO, de T\u00e9ma Bokin et de Santos ont anim\u00e9 la conf\u00e9rence de presse d\u2019avant-match, le jeudi 11 mars 2021 \u00e0 Ouagadougou. Avec 19 points, les L\u00e9opards de Saint Camille [&hellip;]<\/p>\n","protected":false},"author":1816,"featured_media":0,"comment_status":"closed","ping_status":"closed","sticky":false,"template":"","format":"standard","meta":{"fifu_image_url":"https:\/\/www.sidwaya.info\/wp-content\/uploads\/2021\/03\/1-20.jpg","fifu_image_alt":"Faso foot : l\u2019USO et les L\u00e9opards promettent du spectacle","footnotes":""},"categories":[73,81],"tags":[],"class_list":["post-112956","post","type-post","status-publish","format-standard","hentry","category-actualite","category-burkina-faso"],"_links":{"self":[{"href":"https:\/\/linitiative.ca\/International\/wp-json\/wp\/v2\/posts\/112956","targetHints":{"allow":["GET"]}}],"collection":[{"href":"https:\/\/linitiative.ca\/International\/wp-json\/wp\/v2\/posts"}],"about":[{"href":"https:\/\/linitiative.ca\/International\/wp-json\/wp\/v2\/types\/post"}],"author":[{"embeddable":true,"href":"https:\/\/linitiative.ca\/International\/wp-json\/wp\/v2\/users\/1816"}],"replies":[{"embeddable":true,"href":"https:\/\/linitiative.ca\/International\/wp-json\/wp\/v2\/comments?post=112956"}],"version-history":[{"count":0,"href":"https:\/\/linitiative.ca\/International\/wp-json\/wp\/v2\/posts\/112956\/revisions"}],"wp:attachment":[{"href":"https:\/\/linitiative.ca\/International\/wp-json\/wp\/v2\/media?parent=112956"}],"wp:term":[{"taxonomy":"category","embeddable":true,"href":"https:\/\/linitiative.ca\/International\/wp-json\/wp\/v2\/categories?post=112956"},{"taxonomy":"post_tag","embeddable":true,"href":"https:\/\/linitiative.ca\/International\/wp-json\/wp\/v2\/tags?post=112956"}],"curies":[{"name":"wp","href":"https:\/\/api.w.org\/{rel}","templated":true}]}}