{"id":112957,"date":"2021-03-11T16:16:36","date_gmt":"2021-03-11T21:16:36","guid":{"rendered":"https:\/\/linitiative.ca\/International\/cote-divoire-hambak-en-holocauste-expiatoire\/"},"modified":"2021-03-11T16:16:36","modified_gmt":"2021-03-11T21:16:36","slug":"cote-divoire-hambak-en-holocauste-expiatoire","status":"publish","type":"post","link":"https:\/\/linitiative.ca\/International\/cote-divoire-hambak-en-holocauste-expiatoire\/","title":{"rendered":"C\u00f4te d\u2019Ivoire : Hambak en \u00ab\u00a0holocauste expiatoire \u00ab\u00a0"},"content":{"rendered":"<div class=\"td-post-featured-image\"><a href=\"https:\/\/www.sidwaya.info\/wp-content\/uploads\/2021\/03\/Hambak011.jpg\" data-caption=\"\"><img loading=\"lazy\" decoding=\"async\" width=\"696\" height=\"727\" class=\"entry-thumb td-modal-image\" src=\"https:\/\/www.sidwaya.info\/wp-content\/uploads\/2021\/03\/Hambak011-696x727.jpg\" srcset=\"https:\/\/www.sidwaya.info\/wp-content\/uploads\/2021\/03\/Hambak011-696x727.jpg 696w, https:\/\/www.sidwaya.info\/wp-content\/uploads\/2021\/03\/Hambak011-287x300.jpg 287w, https:\/\/www.sidwaya.info\/wp-content\/uploads\/2021\/03\/Hambak011-150x157.jpg 150w, https:\/\/www.sidwaya.info\/wp-content\/uploads\/2021\/03\/Hambak011-300x314.jpg 300w, https:\/\/www.sidwaya.info\/wp-content\/uploads\/2021\/03\/Hambak011-402x420.jpg 402w, https:\/\/www.sidwaya.info\/wp-content\/uploads\/2021\/03\/Hambak011.jpg 753w\" sizes=\"auto, (max-width: 696px) 100vw, 696px\" alt=\"\" title=\"Hambak011\"\/><\/a><\/div>\n<p>Apr\u00e8s le d\u00e9c\u00e8s brusque de Amadou Gon Coulibaly en juillet dernier, la C\u00f4te d\u2019Ivoire vient de perdre dans un bref intervalle, un autre Premier ministre, Hamed Bakayoko, d\u00e9c\u00e9d\u00e9 le mercredi 10 mars dernier, \u00e0 Fribourg en Allemagne, des suites d\u2019un cancer des voies digestives. Triste nouvelle pour le landerneau politique ivoirien, en ces temps plus ou moins troubles o\u00f9 le cujus avait entam\u00e9 un dialogue politique f\u00e9cond entre opposition et majorit\u00e9 qui avait d\u00e9bouch\u00e9 sur un scrutin l\u00e9gislatif apais\u00e9 et inclusif, mais aussi et surtout triste occurrence pour la C\u00f4te d\u2019Ivoire enti\u00e8re, au regard de la sympathie que l\u2019homme drainait au sein des couches sociales, toutes cat\u00e9gories confondues.<\/p>\n<p>C\u2019est que Hambak, comme le surnommait ses compatriotes, avait su par sa g\u00e9n\u00e9rosit\u00e9 et son ouverture d\u2019esprit, ratiss\u00e9 au-del\u00e0 de son camp politique, pour se faire aimer par ses adversaires les plus r\u00e9solus, qui louaient ce sens du consensus et n\u2019h\u00e9sitaient pas \u00e0 discuter sans a priori avec lui, convaincus qu\u2019ils \u00e9taient, qu\u2019\u00e0 d\u00e9faut de donner une suite favorable \u00e0 leurs desiderata, il ne trahirait aucunement ceux-ci et \u0153uvrerait toujours \u00e0 arrondir les angles. Au niveau des autres couches sociales, principalement du \u00ab\u00a0petit peuple\u00a0\u00bb, il apparaissait comme le papa bonheur, attentif et aux petits soins pour les uns et les autres et n\u2019h\u00e9sitant pas \u00e0 \u00ab\u00a0descendre dans un garbadrome\u00a0\u00bb (restaurant populaire), malgr\u00e9 son rang pour y d\u00e9guster le plat national, \u00e0 savoir l\u2019atti\u00e9k\u00e9 au thon. Ivoirien jusqu\u2019au bout des ongles donc lui, qui adorait aussi les folles nuits abidjanaises au cours desquelles en compagnie de ses nombreux amis artistes, il \u00e9cumait les pistes de danse, \u00e0 travers des phases de coup\u00e9-d\u00e9cal\u00e9 ou de ndombolo. Un fils du pays donc bien ancr\u00e9, dans sa culture, dont la mort aussi cruelle et brusque qu\u2019elle soit, devrait offrir \u00e0 la C\u00f4te d\u2019Ivoire, l\u2019occasion unique de r\u00e9aliser sa catharsis sociale r\u00e9elle pour permettre au pays de s\u2019attaquer r\u00e9solument aux questions de d\u00e9veloppement et de progr\u00e8s partag\u00e9 et d\u2019esp\u00e9rance pour tous les Ivoiriens.<\/p>\n<p>Ce serait enfoncer une porte ouverte, que d\u2019affirmer que depuis l\u2019\u00e9lection \u00ab\u00a0calamiteuse\u00a0\u00bb de Laurent Gbagbo (les mots sont de l\u2019ex-pr\u00e9sident lui-m\u00eame) en octobre 2000, la C\u00f4te d\u2019Ivoire souffre d\u2019un d\u00e9ficit de paix et de concorde civiles. Entre la parenth\u00e8se de sang de la p\u00e9riode 2002-2007 (referm\u00e9e gr\u00e2ce \u00e0 l\u2019accord de paix de Ouagadougou entre Gbagbo et Soro) et l\u2019arriv\u00e9e au pouvoir d\u2019Alassane Ouattara en 2011, apr\u00e8s un affrontement sanglant entre ses partisans et ceux de Laurent Gbagbo, la lagune Ebri\u00e9e a charri\u00e9 beaucoup de cadavres d\u2019innocentes personnes, qui voulaient juste un peu de pain et de libert\u00e9.<\/p>\n<p>Cependant, nombre de leaders politiques et de la soci\u00e9t\u00e9 civile ont \u00e9t\u00e9 contraints \u00e0 l\u2019exil pour sauver leurs vies. C\u2019est dire, que si la vitrine de la d\u00e9mocratie ivoirienne se pr\u00e9sente sous un beau jour, l\u2019arri\u00e8re- c\u0153ur, elle, est jonch\u00e9e de linge sale que la famille devra s\u2019atteler \u00e0 laver, pour la d\u00e9barrasser de ces miasmes qui empestent l\u2019atmosph\u00e8re dans le pays. Et pour nous, les obs\u00e8ques \u00e0 venir du \u00ab\u00a0golden boy\u00a0\u00bb, Hamed Bakayoko devraient offrir cette heureuse occurrence. Pour ce faire, il faudra que le premier des Ivoiriens, Alassane Ouattara, dont le d\u00e9sarroi et le trouble-face \u00e0 cet encha\u00eenement macabre doivent \u00eatre grands, prenne sur lui, pour permettre \u00e0 ses principaux opposants que sont Laurent Gbagbo, Guillaume Soro, Charles Bl\u00e9 Goud\u00e9\u2026 tous proches du d\u00e9funt d\u2019assister \u00e0 ces fun\u00e9railles, afin que le pays dans une communion d\u2019esprit et de corps pose les premiers jalons de la r\u00e9conciliation nationale. La trag\u00e9die des peuples r\u00e9v\u00e8le les grands hommes (Thomas Sankara) et Ouattara trouve l\u2019occasion de rentrer au panth\u00e9on de l\u2019histoire ivoirienne, lui qui y figure d\u00e9j\u00e0 en bonne place. En tous les cas, puissent les m\u00e2nes des anc\u00eatres et la vie d\u2019Hambak \u00e9clairer les uns et les autres, afin que le pays retrouve l\u2019ordre, l\u2019harmonie et la paix qu\u2019il offrait en partage au temps du B\u00e9lier de Yamoussokro, Nana F\u00e9lix Houphou\u00ebt-Boigny.<\/p>\n<p class=\"c1\"><strong>Boubacar SY<\/strong><\/p>\n<div class=\"td-a-rec td-a-rec-id-content_bottom tdi_33_a24 td_block_template_1\">\n<p><img loading=\"lazy\" decoding=\"async\" class=\"aligncenter size-full wp-image-27454\" src=\"https:\/\/www.sidwaya.info\/wp-content\/uploads\/2020\/10\/PUB-Bandeau-paiement-mobile-siteweb.jpg\" alt=\"\" width=\"728\" height=\"90\"\/><\/div>\n<p>Auteur: BM. Sidwaya<br \/>\n<a href=\"https:\/\/www.sidwaya.info\/blog\/2021\/03\/11\/cote-divoire-hambak-en-holocauste-expiatoire\/\">Cliquez ici pour lire l&rsquo;article depuis sa source.<\/a><\/p>\n","protected":false},"excerpt":{"rendered":"<p>Apr\u00e8s le d\u00e9c\u00e8s brusque de Amadou Gon Coulibaly en juillet dernier, la C\u00f4te d\u2019Ivoire vient de perdre dans un bref intervalle, un autre Premier ministre, Hamed Bakayoko, d\u00e9c\u00e9d\u00e9 le mercredi 10 mars dernier, \u00e0 Fribourg en Allemagne, des suites d\u2019un cancer des voies digestives. Triste nouvelle pour le landerneau politique ivoirien, en ces temps plus [&hellip;]<\/p>\n","protected":false},"author":1816,"featured_media":0,"comment_status":"closed","ping_status":"closed","sticky":false,"template":"","format":"standard","meta":{"fifu_image_url":"https:\/\/www.sidwaya.info\/wp-content\/uploads\/2021\/03\/Hambak011-696x727.jpg","fifu_image_alt":"C\u00f4te d\u2019Ivoire : Hambak en \u00ab\u00a0holocauste expiatoire \u00ab\u00a0","footnotes":""},"categories":[73,81],"tags":[],"class_list":["post-112957","post","type-post","status-publish","format-standard","hentry","category-actualite","category-burkina-faso"],"_links":{"self":[{"href":"https:\/\/linitiative.ca\/International\/wp-json\/wp\/v2\/posts\/112957","targetHints":{"allow":["GET"]}}],"collection":[{"href":"https:\/\/linitiative.ca\/International\/wp-json\/wp\/v2\/posts"}],"about":[{"href":"https:\/\/linitiative.ca\/International\/wp-json\/wp\/v2\/types\/post"}],"author":[{"embeddable":true,"href":"https:\/\/linitiative.ca\/International\/wp-json\/wp\/v2\/users\/1816"}],"replies":[{"embeddable":true,"href":"https:\/\/linitiative.ca\/International\/wp-json\/wp\/v2\/comments?post=112957"}],"version-history":[{"count":0,"href":"https:\/\/linitiative.ca\/International\/wp-json\/wp\/v2\/posts\/112957\/revisions"}],"wp:attachment":[{"href":"https:\/\/linitiative.ca\/International\/wp-json\/wp\/v2\/media?parent=112957"}],"wp:term":[{"taxonomy":"category","embeddable":true,"href":"https:\/\/linitiative.ca\/International\/wp-json\/wp\/v2\/categories?post=112957"},{"taxonomy":"post_tag","embeddable":true,"href":"https:\/\/linitiative.ca\/International\/wp-json\/wp\/v2\/tags?post=112957"}],"curies":[{"name":"wp","href":"https:\/\/api.w.org\/{rel}","templated":true}]}}