{"id":112958,"date":"2021-03-11T17:03:54","date_gmt":"2021-03-11T22:03:54","guid":{"rendered":"https:\/\/linitiative.ca\/International\/alpha-barry-a-propos-de-hamed-bakayoko-avec-lui-on-reglait-parfois-les-problemes-des-deux-pays-par-telephone\/"},"modified":"2021-03-11T17:03:54","modified_gmt":"2021-03-11T22:03:54","slug":"alpha-barry-a-propos-de-hamed-bakayoko-avec-lui-on-reglait-parfois-les-problemes-des-deux-pays-par-telephone","status":"publish","type":"post","link":"https:\/\/linitiative.ca\/International\/alpha-barry-a-propos-de-hamed-bakayoko-avec-lui-on-reglait-parfois-les-problemes-des-deux-pays-par-telephone\/","title":{"rendered":"Alpha Barry \u00e0 propos de Hamed Bakayoko  : \u00ab Avec lui, on r\u00e9glait parfois les probl\u00e8mes des deux pays par t\u00e9l\u00e9phone \u00bb"},"content":{"rendered":"<div class=\"td-post-featured-image\"><a href=\"https:\/\/www.sidwaya.info\/wp-content\/uploads\/2021\/03\/1-21.jpg\" data-caption=\"\"><img loading=\"lazy\" decoding=\"async\" width=\"612\" height=\"495\" class=\"entry-thumb td-modal-image\" src=\"https:\/\/www.sidwaya.info\/wp-content\/uploads\/2021\/03\/1-21.jpg\" srcset=\"https:\/\/www.sidwaya.info\/wp-content\/uploads\/2021\/03\/1-21.jpg 612w, https:\/\/www.sidwaya.info\/wp-content\/uploads\/2021\/03\/1-21-300x243.jpg 300w, https:\/\/www.sidwaya.info\/wp-content\/uploads\/2021\/03\/1-21-150x121.jpg 150w, https:\/\/www.sidwaya.info\/wp-content\/uploads\/2021\/03\/1-21-519x420.jpg 519w\" sizes=\"auto, (max-width: 612px) 100vw, 612px\" alt=\"\" title=\"1\"\/><\/a><\/div>\n<p>\u00abComme l\u2019a dit le pr\u00e9sident du Faso dans son hommage, le Premier ministre Hamed Bakayoko est un grand ami du Burkina Faso et donc son d\u00e9c\u00e8s est une grosse perte pour notre pays. C\u2019est un ami du Burkina Faso, parce qu\u2019il \u00e9tait tr\u00e8s attach\u00e9 \u00e0 notre pays pour y avoir fait ses \u00e9tudes universitaires. Il avait gard\u00e9 des liens forts d\u2019amiti\u00e9 et de fraternit\u00e9 et \u00e0 chacune de ses visites, il rassemblait tous ses amis d\u2019universit\u00e9 autour de lui, il rendait visite aux uns et aux autres. Je peux m\u00eame vous dire que lors du sommet du TAC 2017, il est all\u00e9 retrouver le c\u00e9libaterium o\u00f9 il a habit\u00e9 lorsqu\u2019il \u00e9tait \u00e9tudiant et il avait promis de faire venir ses enfants afin qu\u2019ils visitent cette maison qui n\u2019a rien \u00e0 avoir avec les conditions dans lesquelles ses enfants sont aujourd\u2019hui. Il \u00e9tait donc profond\u00e9ment li\u00e9 au Burkina Faso et \u00e0 ses dirigeants.<\/p>\n<p>C\u2019est un grand ami du pr\u00e9sident Roch Marc Christian Kabor\u00e9, un grand ami et fr\u00e8re pour moi. Nous avions des relations tr\u00e8s profondes et c\u2019est pourquoi je suis tr\u00e8s touch\u00e9 par cette disparition qui me trouble, me bouleverse et me d\u00e9vaste.<\/p>\n<p>Hamed Bakayoko \u00e9tait un homme d\u2019Etat avec qui on r\u00e9glait les probl\u00e8mes des deux pays parfois par t\u00e9l\u00e9phone. M\u00eame pour des questions de fronti\u00e8res, je lui passais un coup de fil, il regardait et me revenait avec la r\u00e9ponse et le probl\u00e8me \u00e9tait r\u00e9gl\u00e9. Lorsque la carte de s\u00e9jour posait probl\u00e8me en C\u00f4te d\u2019Ivoire, je suis all\u00e9 le voir quand il \u00e9tait ministre de la S\u00e9curit\u00e9 et il a r\u00e9gl\u00e9 le probl\u00e8me. Pour tout ce qui concernait le Burkina Faso, on pouvait compter sur lui. C\u2019est pourquoi pour nous, c\u2019est une grosse perte.<\/p>\n<p>J\u2019ai appris sa mort par des coups de fil. Je n\u2019en croyais pas et j\u2019ai d\u00fb moi-m\u00eame appel\u00e9 son fr\u00e8re qui \u00e9tait en Allemagne avec lui, mais aussi certains proches qui ont confirm\u00e9 la nouvelle. Je suivais au jour le jour son \u00e9tat de sant\u00e9, j\u2019\u00e9tais en contact permanent avec ses parents et fr\u00e8res. Lui-m\u00eame, depuis qu\u2019il \u00e9tait all\u00e9 en Europe pour ses soins, on a \u00e9chang\u00e9 deux fois au t\u00e9l\u00e9phone et r\u00e9guli\u00e8rement on \u00e9changeait par des messages \u00e9crits, jusqu\u2019\u00e0 un moment o\u00f9 cela devenait difficile. Mais je continuais \u00e0 prendre de ses nouvelles. J\u2019imagine que c\u2019est une grosse perte pour la sc\u00e8ne politique ivoirienne parce que c\u2019est quand-m\u00eame un Premier ministre, d\u00e9put\u00e9, maire d\u2019une commune, membre important du parti au pouvoir, mais je ne pourrai pas en dire plus.<\/p>\n<p>Je retiens de lui, l\u2019image d\u2019un homme simple, bon, g\u00e9n\u00e9reux et disponible, fid\u00e8le dans ses amiti\u00e9s, toujours pr\u00eats \u00e0 faire plaisir aux autres. D\u2019ailleurs en janvier dernier, il m\u2019avait appel\u00e9 de venir passer quelques jours \u00e0 Abidjan parce qu\u2019il estimait que cela faisait longtemps qu\u2019on ne s\u2019\u00e9tait pas retrouv\u00e9. Il me disait que les \u00e9lections sont finies au Burkina Faso, que je n\u2019ai plus de pr\u00e9texte et qu\u2019il m\u2019attendait \u00e0 Abidjan.<\/p>\n<p>Il aimait inviter les gens \u00e0 venir chez lui \u00e0 Assini. M\u00eame s\u2019il n\u2019\u00e9tait pas l\u00e0, il mettait tout \u00e0 leur disposition. Je me souviens, lorsqu\u2019il est venu pour l\u2019investiture du pr\u00e9sident Roch Marc Christian Kabor\u00e9 en d\u00e9cembre 2015, il a \u00e9t\u00e9 accueilli par le ministre de l\u2019Administration territoriale sous la Transition qui lui disait qu\u2019il n\u2019avait jamais mis les pieds \u00e0 Abidjan. Il a sorti sa carte de visite, il y a \u00e9crit son num\u00e9ro direct et lui a dit de l\u2019appeler s\u2019il veut venir \u00e0 Abidjan et qu\u2019il s\u2019occupera de tout son s\u00e9jour. C\u2019\u00e9tait cela, Hamed. Il \u00e9tait toujours serviable, disponible, g\u00e9n\u00e9reux. Par un seul geste, il pouvait changer la vie de quelqu\u2019un. Une fois lors d\u2019un TAC \u00e0 Yamoussokro, il m\u2019a amen\u00e9 manger dans un petit maquis. Apr\u00e8s avoir mang\u00e9, nous avions appr\u00e9ci\u00e9 la nourriture. Il leur a demand\u00e9 de faire le point de ce qu\u2019ils veulent que ce maquis devienne pour qu\u2019il leur donne les moyens pour investir davantage. C\u2019\u00e9tait \u00e7a l\u2019homme, toujours au contact des gens, connu de tous dans tous les \u00e9tages de la vie sociale des chefs d\u2019Etat aux simples gens en passant par les artistes, les footballeurs. C\u2019\u00e9tait simplement un homme de contact \u00bb.<\/p>\n<p class=\"c1\"><strong>Propos recueillis par Soua\u00efbou NOMBRE<\/strong><\/p>\n<div class=\"td-a-rec td-a-rec-id-content_bottom tdi_33_f79 td_block_template_1\">\n<p><img loading=\"lazy\" decoding=\"async\" class=\"aligncenter size-full wp-image-27454\" src=\"https:\/\/www.sidwaya.info\/wp-content\/uploads\/2020\/10\/PUB-Bandeau-paiement-mobile-siteweb.jpg\" alt=\"\" width=\"728\" height=\"90\"\/><\/div>\n<p>Auteur: BM. Sidwaya<br \/>\n<a href=\"https:\/\/www.sidwaya.info\/blog\/2021\/03\/11\/alpha-barry-a-propos-de-hamed-bakayoko-avec-lui-on-reglait-parfois-les-problemes-des-deux-pays-par-telephone\/\">Cliquez ici pour lire l&rsquo;article depuis sa source.<\/a><\/p>\n","protected":false},"excerpt":{"rendered":"<p>\u00abComme l\u2019a dit le pr\u00e9sident du Faso dans son hommage, le Premier ministre Hamed Bakayoko est un grand ami du Burkina Faso et donc son d\u00e9c\u00e8s est une grosse perte pour notre pays. C\u2019est un ami du Burkina Faso, parce qu\u2019il \u00e9tait tr\u00e8s attach\u00e9 \u00e0 notre pays pour y avoir fait ses \u00e9tudes universitaires. Il [&hellip;]<\/p>\n","protected":false},"author":1816,"featured_media":0,"comment_status":"closed","ping_status":"closed","sticky":false,"template":"","format":"standard","meta":{"fifu_image_url":"https:\/\/www.sidwaya.info\/wp-content\/uploads\/2021\/03\/1-21.jpg","fifu_image_alt":"Alpha Barry \u00e0 propos de Hamed Bakayoko  : \u00ab Avec lui, on r\u00e9glait parfois les probl\u00e8mes des deux pays par t\u00e9l\u00e9phone \u00bb","footnotes":""},"categories":[73,81],"tags":[],"class_list":["post-112958","post","type-post","status-publish","format-standard","hentry","category-actualite","category-burkina-faso"],"_links":{"self":[{"href":"https:\/\/linitiative.ca\/International\/wp-json\/wp\/v2\/posts\/112958","targetHints":{"allow":["GET"]}}],"collection":[{"href":"https:\/\/linitiative.ca\/International\/wp-json\/wp\/v2\/posts"}],"about":[{"href":"https:\/\/linitiative.ca\/International\/wp-json\/wp\/v2\/types\/post"}],"author":[{"embeddable":true,"href":"https:\/\/linitiative.ca\/International\/wp-json\/wp\/v2\/users\/1816"}],"replies":[{"embeddable":true,"href":"https:\/\/linitiative.ca\/International\/wp-json\/wp\/v2\/comments?post=112958"}],"version-history":[{"count":0,"href":"https:\/\/linitiative.ca\/International\/wp-json\/wp\/v2\/posts\/112958\/revisions"}],"wp:attachment":[{"href":"https:\/\/linitiative.ca\/International\/wp-json\/wp\/v2\/media?parent=112958"}],"wp:term":[{"taxonomy":"category","embeddable":true,"href":"https:\/\/linitiative.ca\/International\/wp-json\/wp\/v2\/categories?post=112958"},{"taxonomy":"post_tag","embeddable":true,"href":"https:\/\/linitiative.ca\/International\/wp-json\/wp\/v2\/tags?post=112958"}],"curies":[{"name":"wp","href":"https:\/\/api.w.org\/{rel}","templated":true}]}}