{"id":112962,"date":"2021-03-11T11:47:24","date_gmt":"2021-03-11T16:47:24","guid":{"rendered":"https:\/\/linitiative.ca\/International\/le-reseau-blue-au-centre-des-defis-de-camtel-en-2021\/"},"modified":"2021-03-11T11:47:24","modified_gmt":"2021-03-11T16:47:24","slug":"le-reseau-blue-au-centre-des-defis-de-camtel-en-2021","status":"publish","type":"post","link":"https:\/\/linitiative.ca\/International\/le-reseau-blue-au-centre-des-defis-de-camtel-en-2021\/","title":{"rendered":"Le r\u00e9seau \u00ab Blue \u00bb au centre des d\u00e9fis de Camtel en 2021"},"content":{"rendered":"<p>\u00abBlue\u00bb, le r\u00e9seau mobile de Camtel sera-t-il finalement op\u00e9rationnel en 2021? Une pr\u00e9occupation majeure au sein de cette entreprise au regard des derniers \u00e9pisodes li\u00e9s \u00e0 la gestion de ce dossier. Une correspondance de la Ministre des postes et t\u00e9l\u00e9communications adress\u00e9e le 11 janvier 2021 \u00e0 Judith Yah Sunday \u00e9pouse Achidi Achu, la Directrice g\u00e9n\u00e9rale de la Camtel, a finalement d\u00e9bouch\u00e9 sur un deuxi\u00e8me report du lancement de ce nouveau produit, apr\u00e8s l\u2019\u00e9chec de d\u00e9cembre 2020. D\u2019apr\u00e8s Minette Libom Li Likeng, Ministre des postes et t\u00e9l\u00e9communications, tutelle technique de la Camtel, de nombreuses irr\u00e9gularit\u00e9s avaient \u00e9t\u00e9 observ\u00e9es dans le processus de mise en oeuvre du projet. \u00abBlue\u00bb. Apr\u00e8s l\u2019obtention de sa licence en mars 2020, la Camtel avait pourtant entam\u00e9 la vente des cartes sim \u00abBlue\u00bb \u00e0 grands renforts de publicit\u00e9. Le lancement pr\u00e9vu le 13 janvier 2021 aura finalement accouch\u00e9 d\u2019une souris. Les responsables de la soci\u00e9t\u00e9 de t\u00e9l\u00e9phonie esp\u00e8rent toutefois r\u00e9solument parachever cet important projet.<\/p>\n<p><strong>Lire aussi<\/strong> : <a href=\"https:\/\/ecomatin.net\/camtel-augmente-son-chiffre-daffaires-de-25-en-2020\/\">Camtel augmente son chiffre d\u2019affaires de 25% en 2020<\/a><\/p>\n<p>C\u2019est ce qui ressort des derni\u00e8res concertations entre la Directrice g\u00e9n\u00e9rale de cette entreprise, le Directeur g\u00e9n\u00e9ral adjoint, les Directeurs et les responsables r\u00e9gionaux: \u00abl\u2019entreprise pr\u00e9pare en 2021, le lancement de son r\u00e9seau mobile Blue\u00bb, insiste Judith Yah Sunday \u00e9pouse Achidi. La manager pr\u00e9sente, pour convaincre, des pr\u00e9requis techniques, en ressources humaines, commerciaux, et r\u00e9glementaires, \u00abd\u00e9j\u00e0 r\u00e9unis\u00bb, soutient-elle. Annonc\u00e9e par Camtel comme \u00abune ann\u00e9e de confirmation pour l\u2019entreprise, son march\u00e9 et ses clients\u00bb, 2021 envisage mettre en \u0153uvre les objectifs fix\u00e9s par le gouvernement le \u00e0 travers la SND30. Elle s\u2019engage par cons\u00e9quent \u00e0 favoriser l\u2019int\u00e9gration des progr\u00e8s du num\u00e9rique dans le fonctionnement des services publics et de l\u2019\u00e9conomie d\u2019une part, et d\u2019autre part \u00e0 accro\u00eetre de mani\u00e8re significative l\u2019usage des moyens de communication \u00e9lectroniques au Cameroun. \u00abEn effet, dans notre soci\u00e9t\u00e9 engag\u00e9e dans un processus permanent de modernisation, les besoins d\u2019interactions et d\u2019\u00e9changes \u00e9voluent sans cesse, se pr\u00e9cisent et se complexifient, notamment avec l\u2019av\u00e8nement des r\u00e9seaux sociaux et des OTT (Over The Top) Whatsapp, Twitter, Viber, etc. qui transforment chaque jour un peu plus la configuration des r\u00e9seaux, ainsi que celle de notre environnement et de nos modes de communication\u00bb, indique Judith Yah Sunday \u00e9pouse Achidi.<\/p>\n<p><strong>Services innovants<\/strong><\/p>\n<p>Parfois accus\u00e9e d\u2019\u00eatre responsable de la perturbation r\u00e9guli\u00e8re du r\u00e9seau internet par les op\u00e9rateurs de t\u00e9l\u00e9phonie mobile locaux, la Camtel semble toutefois r\u00e9solument tourn\u00e9e vers sa strat\u00e9gie de transformation num\u00e9rique \u00e0 l\u2019horizon 2025. Pour se faire, le management de l\u2019entreprise s\u2019appuie sur deux axes: le customer centricity et le change management. Axes articul\u00e9s autour d\u2019un plan d\u2019action : stabilisation de la relance (2019), consolidation et expansion (2020-2022), leadership sous-r\u00e9gional de la transformation num\u00e9rique (2023-2025). \u00abConform\u00e9ment \u00e0 sa mission, Camtel apporte des solutions idoines \u00e0 ces besoins d\u2019interaction, aussi bien aux administrations qu\u2019aux entreprises publiques et priv\u00e9es, ceci gr\u00e2ce aux ressources humaines hautement qualifi\u00e9es dont elle dispose, et \u00e0 un r\u00e9seau d\u2019une grande qualit\u00e9. Notre ambition est de proposer une approche globale int\u00e9grant toutes les parties de l\u2019\u00e9quation \u201ccommuniquer vite et bien\u201d dans un syst\u00e8me unique. Des solutions de t\u00e9l\u00e9communication unifi\u00e9es, visant des cibles pr\u00e9cises\u00bb, d\u00e9fend la Directrice g\u00e9n\u00e9rale.<\/p>\n<p><strong>Lire aussi<\/strong> : <a href=\"https:\/\/ecomatin.net\/le-gouvernement-ajourne-le-lancement-du-reseau-mobile-de-camtel-a-cause-des-insuffisances-manageriale\/\">Le gouvernement ajourne le lancement du r\u00e9seau mobile de Camtel \u00e0 cause des \u00ab insuffisances manag\u00e9riale \u00bb<\/a><\/p>\n<p>Pour mener \u00e0 bien cet immense chantier, Camtel en sa qualit\u00e9 d\u2019op\u00e9rateur historique et de bras s\u00e9culier de l\u2019Etat du Cameroun dans la mise en oeuvre et le d\u00e9ploiement de l\u2019infrastructure de transport, devra parachever les missions op\u00e9rationnelles de Plan num\u00e9rique Cameroun 2020, \u00e9labor\u00e9 par le minist\u00e8re des Postes et T\u00e9l\u00e9communications.<\/p>\n<p>Auteur: Georges Semey<br \/>\n<a href=\"https:\/\/ecomatin.net\/le-reseau-blue-au-centre-des-defis-de-camtel-en-2021\/\">Cliquez ici pour lire l&rsquo;article depuis sa source.<\/a><\/p>\n","protected":false},"excerpt":{"rendered":"<p>\u00abBlue\u00bb, le r\u00e9seau mobile de Camtel sera-t-il finalement op\u00e9rationnel en 2021? Une pr\u00e9occupation majeure au sein de cette entreprise au regard des derniers \u00e9pisodes li\u00e9s \u00e0 la gestion de ce dossier. Une correspondance de la Ministre des postes et t\u00e9l\u00e9communications adress\u00e9e le 11 janvier 2021 \u00e0 Judith Yah Sunday \u00e9pouse Achidi Achu, la Directrice g\u00e9n\u00e9rale [&hellip;]<\/p>\n","protected":false},"author":1969,"featured_media":0,"comment_status":"closed","ping_status":"closed","sticky":false,"template":"","format":"standard","meta":{"fifu_image_url":"","fifu_image_alt":"","footnotes":""},"categories":[82,78],"tags":[],"class_list":["post-112962","post","type-post","status-publish","format-standard","hentry","category-cameroun","category-economie"],"_links":{"self":[{"href":"https:\/\/linitiative.ca\/International\/wp-json\/wp\/v2\/posts\/112962","targetHints":{"allow":["GET"]}}],"collection":[{"href":"https:\/\/linitiative.ca\/International\/wp-json\/wp\/v2\/posts"}],"about":[{"href":"https:\/\/linitiative.ca\/International\/wp-json\/wp\/v2\/types\/post"}],"author":[{"embeddable":true,"href":"https:\/\/linitiative.ca\/International\/wp-json\/wp\/v2\/users\/1969"}],"replies":[{"embeddable":true,"href":"https:\/\/linitiative.ca\/International\/wp-json\/wp\/v2\/comments?post=112962"}],"version-history":[{"count":0,"href":"https:\/\/linitiative.ca\/International\/wp-json\/wp\/v2\/posts\/112962\/revisions"}],"wp:attachment":[{"href":"https:\/\/linitiative.ca\/International\/wp-json\/wp\/v2\/media?parent=112962"}],"wp:term":[{"taxonomy":"category","embeddable":true,"href":"https:\/\/linitiative.ca\/International\/wp-json\/wp\/v2\/categories?post=112962"},{"taxonomy":"post_tag","embeddable":true,"href":"https:\/\/linitiative.ca\/International\/wp-json\/wp\/v2\/tags?post=112962"}],"curies":[{"name":"wp","href":"https:\/\/api.w.org\/{rel}","templated":true}]}}