{"id":112964,"date":"2021-03-11T14:47:30","date_gmt":"2021-03-11T19:47:30","guid":{"rendered":"https:\/\/linitiative.ca\/International\/le-marocain-outman-roqdi-est-le-nouveau-dg-de-la-bicec\/"},"modified":"2021-03-11T14:47:30","modified_gmt":"2021-03-11T19:47:30","slug":"le-marocain-outman-roqdi-est-le-nouveau-dg-de-la-bicec","status":"publish","type":"post","link":"https:\/\/linitiative.ca\/International\/le-marocain-outman-roqdi-est-le-nouveau-dg-de-la-bicec\/","title":{"rendered":"Le marocain Outman Roqdi est le nouveau DG de la Bicec"},"content":{"rendered":"<p>C\u2019est d\u00e9sormais Outman Roqdi qui est appel\u00e9 \u00e0 conduire les r\u00eanes de la Banque internationale d\u2019Epargne et de cr\u00e9dit du Cameroun(Bicec). Le marocain a \u00e9t\u00e9 d\u00e9sign\u00e9 ce 10 mars 2021 \u00e0 l\u2019issue d\u2019un conseil d\u2019administration pr\u00e9sid\u00e9 par Jean Baptiste Bokam, le Pr\u00e9sident du Conseil d\u2019administration de la Bicec. Il remplace Rochdi Sanhaji. Au terme de ce conseil d\u2019administration, Isabelle Kondo et R\u00e9my Raffi ont \u00e9t\u00e9 maintenus dans leur fonction de Directeurs g\u00e9n\u00e9raux adjoints. M. Sawadogo, d\u2019origine Burkinab\u00e8, assure d\u00e9sormais les fonctions de Directeur du P\u00f4le Risque Cr\u00e9dit, en remplacement de Virginie Plumeau.<\/p>\n<p>\u00c2g\u00e9\u00a0de 52 ans, Outman Roqdi cumule 28 ans d\u2019exp\u00e9rience dans le secteur bancaire, dont 7 ans dans des postes de Direction g\u00e9n\u00e9rale au sein des filiales de la Banque Centrale Populaire (BCP) en Afrique de l\u2019Ouest, notamment \u00e0 Banque Atlantique C\u00f4te d\u2019Ivoire, 2\u00e8me plus grande banque de ce pays. Le nouveau manager est dipl\u00f4m\u00e9 d\u2019une grande \u00e9cole de commerce, et titulaire d\u2019une Licence en Sciences \u00e9conomiques. Outman Roqdi a d\u00e9marr\u00e9 sa carri\u00e8re au sein du Groupe BCP en qualit\u00e9 d\u2019Auditeur interne, avant d\u2019\u00eatre nomm\u00e9 Directeur des Centres d\u2019affaires et de succursales, puis Directeur du March\u00e9 de l\u2019entreprise et de l\u2019international et Membre du Directoire de la Banque populaire de Tanger-t\u00e9touan.\u00a0<\/p>\n<p>A l\u2019occasion de cette nomination, Kamal Mokdad, le Directeur g\u00e9n\u00e9ral de la BCP et de l\u2019international au sein du Groupe a tout de suite marqu\u00e9 sa satisfaction suite \u00e0 la promotion de ce dernier. Tout en rendant hommage \u00e0 Rochdi Sanhaji, le Directeur g\u00e9n\u00e9ral sortant qui aura pass\u00e9 finalement moins de deux ans \u00e0 la t\u00eate de la Bicec Cameroun.\u00a0De sources internes, la th\u00e8se du limogeage prosp\u00e8re au regard des r\u00e9sultats mitig\u00e9s enregistr\u00e9s par la Banque depuis l\u2019arriv\u00e9e de Rochdi Sanhaji. Pourtant, c\u2019est le 10 d\u00e9cembre 2020 qu\u2019en pr\u00e9sence de\u00a0Kamal Mokdad que le Directeur g\u00e9n\u00e9ral de la Bicec limog\u00e9 pr\u00e9sentait la nouvelle identit\u00e9 de cet \u00e9tablissement de cr\u00e9dit pass\u00e9 sous le giron marocain depuis octobre 2019: cr\u00e9ation d\u2019un segment sp\u00e9cial d\u00e9di\u00e9 aux grandes entreprises, ouverture d\u2019un centre d\u2019affaires, d\u2019une agence client\u00e8le (Agence Corail), nouvelle identit\u00e9 visuelle etc\u2026.<\/p>\n<p>\u00a0La Bicec est \u00e9galement engag\u00e9e depuis 2019 dans de profondes r\u00e9formes : arrimage aux fili\u00e8res d\u2019expertise du groupe, acc\u00e9l\u00e9ration et partage de bonnes pratiques, structuration de la feuille de route strat\u00e9gique de la banque, nouveaux produits mon\u00e9tiques et digitaux, parcours clients optimis\u00e9s, qualit\u00e9 de service aux standards internationaux etc\u2026..\u00abil s\u2019agit d\u2019une transition structurelle et technique apr\u00e8s le d\u00e9part des fran\u00e7ais\u00bb, expliquait Jean Baptiste Bokam, le Pr\u00e9sident du Conseil d\u2019administration.\u00a0<\/p>\n<p>L\u2019une des r\u00e9formes majeures apport\u00e9es au sein de la Bicec reste incontestablement la hausse du capital social pass\u00e9 de 12 milliards \u00e0 49 milliards de FCFA au terme d\u2019une op\u00e9ration de souscription boucl\u00e9e finalement en mars 2020. C\u2019est d\u00e9sormais Outman Roqdi qui conduira pour la Bicec la feuille de route locale qui conduira \u00e0 terme \u00e0 l\u2019ouverture de deux centres d\u2019affaires \u00e0 Douala et Yaound\u00e9, une agence digitale au Douala Grand Mall de Douala, le recrutement de nouveaux cadres, le lancement de nouveaux produits (carte Platinium, Infinite, Bi pay, renforcement de l\u2019offre Cash money). Le nouveau Directeur g\u00e9n\u00e9ral de la Bicec devra par ailleurs proc\u00e9der au lancement des projets strat\u00e9giques de la banque (informatisation des services, rebranding du r\u00e9seau d\u2019agences, digitalisation, r\u00e9forme du process cr\u00e9dit etc\u2026.), et la cr\u00e9ation annonc\u00e9e de l\u2019Usca, la soci\u00e9t\u00e9 de bourse de la Bicec, et la validation d\u2019un nouvel organigramme.<\/p>\n<p>Filiale du Groupe Banque Centrale\u00a0 Populaire, la Bicec est constitu\u00e9 d\u2019un r\u00e9seau de 37 agences dans les R\u00e9gions du Cameroun. La banque dispose de 380.000 clients et pr\u00e8s de 800 employ\u00e9s. La Bicec est la 3\u00e8me banque du Cameroun, d\u00e9tenue \u00e0 68,5% par la BCP, 17,5% par l\u2019Etat du Cameroun, 7,5% par divers actionnaires priv\u00e9s, 7,24% par la Proparco et 5% par le personnel de la banque.\u00a0<\/p>\n<p>Auteur: Georges Semey<br \/>\n<a href=\"https:\/\/ecomatin.net\/le-marocain-outman-roqdi-est-le-nouveau-dg-de-la-bicec\/\">Cliquez ici pour lire l&rsquo;article depuis sa source.<\/a><\/p>\n","protected":false},"excerpt":{"rendered":"<p>C\u2019est d\u00e9sormais Outman Roqdi qui est appel\u00e9 \u00e0 conduire les r\u00eanes de la Banque internationale d\u2019Epargne et de cr\u00e9dit du Cameroun(Bicec). Le marocain a \u00e9t\u00e9 d\u00e9sign\u00e9 ce 10 mars 2021 \u00e0 l\u2019issue d\u2019un conseil d\u2019administration pr\u00e9sid\u00e9 par Jean Baptiste Bokam, le Pr\u00e9sident du Conseil d\u2019administration de la Bicec. Il remplace Rochdi Sanhaji. Au terme de [&hellip;]<\/p>\n","protected":false},"author":1969,"featured_media":0,"comment_status":"closed","ping_status":"closed","sticky":false,"template":"","format":"standard","meta":{"fifu_image_url":"","fifu_image_alt":"","footnotes":""},"categories":[82,78],"tags":[],"class_list":["post-112964","post","type-post","status-publish","format-standard","hentry","category-cameroun","category-economie"],"_links":{"self":[{"href":"https:\/\/linitiative.ca\/International\/wp-json\/wp\/v2\/posts\/112964","targetHints":{"allow":["GET"]}}],"collection":[{"href":"https:\/\/linitiative.ca\/International\/wp-json\/wp\/v2\/posts"}],"about":[{"href":"https:\/\/linitiative.ca\/International\/wp-json\/wp\/v2\/types\/post"}],"author":[{"embeddable":true,"href":"https:\/\/linitiative.ca\/International\/wp-json\/wp\/v2\/users\/1969"}],"replies":[{"embeddable":true,"href":"https:\/\/linitiative.ca\/International\/wp-json\/wp\/v2\/comments?post=112964"}],"version-history":[{"count":0,"href":"https:\/\/linitiative.ca\/International\/wp-json\/wp\/v2\/posts\/112964\/revisions"}],"wp:attachment":[{"href":"https:\/\/linitiative.ca\/International\/wp-json\/wp\/v2\/media?parent=112964"}],"wp:term":[{"taxonomy":"category","embeddable":true,"href":"https:\/\/linitiative.ca\/International\/wp-json\/wp\/v2\/categories?post=112964"},{"taxonomy":"post_tag","embeddable":true,"href":"https:\/\/linitiative.ca\/International\/wp-json\/wp\/v2\/tags?post=112964"}],"curies":[{"name":"wp","href":"https:\/\/api.w.org\/{rel}","templated":true}]}}