{"id":112966,"date":"2021-03-12T09:00:17","date_gmt":"2021-03-12T14:00:17","guid":{"rendered":"https:\/\/linitiative.ca\/International\/rabii-kati-lacteur-aux-mille-visages\/"},"modified":"2021-03-12T09:00:17","modified_gmt":"2021-03-12T14:00:17","slug":"rabii-kati-lacteur-aux-mille-visages","status":"publish","type":"post","link":"https:\/\/linitiative.ca\/International\/rabii-kati-lacteur-aux-mille-visages\/","title":{"rendered":"Rabii Kati, l\u2019acteur aux mille visages"},"content":{"rendered":"<figure class=\"post-thumbnail\" itemprop=\"associatedMedia\" itemscope=\"itemscope\" itemtype=\"http:\/\/schema.org\/ImageObject\"><img decoding=\"async\" class=\"post_layout_5_img\" src=\"http:\/\/aujourdhui.ma\/wp-content\/uploads\/2021\/03\/Rabii-Kati.jpg\" alt=\"Rabii Kati, l\u2019acteur aux mille visages\"\/><\/figure>\n<p><span class=\"c5\"><strong>Apr\u00e8s \u00abEl Zaaiman\u00bb, il participe dans la production arabe \u00abGhasak\u00bb pr\u00e9vue durant le mois de Ramadan<\/strong><\/span><span id=\"more-370878\"\/><\/p>\n<p><span class=\"c6\">\u00ab\u00abGhasak\u00bb, est une cr\u00e9ativit\u00e9 artistique du r\u00e9alisateur Osama Rezg. Elle r\u00e9sume l\u2019\u00e9pop\u00e9e \u00abAl-Banyan Al-Marsous\u00bb qui a d\u00e9barrass\u00e9 la Libye du spectre de l\u2019\u00c9tat islamique\u00bb.<\/span><\/p>\n<p>L\u2019acteur Rabii Kati continue de pr\u00eater ses traits \u00e0 des personnages sans cesse. Apr\u00e8s avoir excell\u00e9 dans son r\u00f4le celui de la c\u00e9l\u00e8bre Suleiman Bacha El Barouni dans \u00abEl Zaaiman\u00bb, l\u2019acteur incarne cette fois-ci une autre personnalit\u00e9 dans la production arabe intitul\u00e9e \u00abGhasak\u00bb, dont la diffusion est pr\u00e9vue durant le mois de Ramadan, sur la cha\u00eene libyenne \u00abSalam\u00bb. \u00ab\u00abGhasak\u00bb est une cr\u00e9ativit\u00e9 artistique du r\u00e9alisateur Osama Rezg. Elle r\u00e9sume l\u2019\u00e9pop\u00e9e \u00abAl-Banyan Al-Marsous\u00bb qui a d\u00e9barrass\u00e9 la Libye du spectre de l\u2019\u00c9tat islamique\u00bb, dit-il.<\/p>\n<p>Et d\u2019ajouter : \u00abJe viens de terminer son tournage qui s\u2019est d\u00e9roul\u00e9 en Turquie. Je campe une personnalit\u00e9 tr\u00e8s diff\u00e9rente \u00e0 celle de \u00abEl Zaaiman\u00bb. C\u2019est la premi\u00e8re fois que j\u2019incarne ce genre de r\u00f4le, celui d\u2019un chef terroriste\u00bb. En effet, l\u2019acteur joue aux c\u00f4t\u00e9s de plusieurs stars venues du monde arabe : de la Tunisie, la Syrie, la Turquie et autres. Outre ce t\u00e9l\u00e9-feuilletion, Rabii Kati participe dans d\u2019autres productions ramadanesques. Le public va le d\u00e9couvrir dans une mini-s\u00e9rie t\u00e9l\u00e9vis\u00e9e intitul\u00e9e \u00abSalef Aadra\u00bb de la r\u00e9alisatrice Jamila El Borji. \u00abJ\u2019incarne le r\u00f4le principal de cette s\u00e9rie historique qui sera diffus\u00e9e sur Al Oula\u00bb, confie-t-il. D\u2019autant de plus, l\u2019acteur participe \u00e9galement dans d\u2019un nouveau t\u00e9l\u00e9-feuilleton intitul\u00e9 \u00abEchange\u00bb de Jihane El Bahar, compos\u00e9 de 30 \u00e9pisodes.<\/p>\n<p><a href=\"https:http:\/\/aujourdhui.ma\/wp-content\/uploads\/2021\/03\/Rabii-Kati-Ghasak.jpg\"><img decoding=\"async\" loading=\"lazy\" class=\"size-full wp-image-370879 aligncenter\" src=\"http:\/\/aujourdhui.ma\/wp-content\/uploads\/2021\/03\/Rabii-Kati-Ghasak.jpg\" alt=\"\" width=\"746\" height=\"380\" srcset=\"http:\/\/aujourdhui.ma\/wp-content\/uploads\/2021\/03\/Rabii-Kati-Ghasak.jpg 746w, \/\/aujourdhui.ma\/wp-content\/uploads\/2021\/03\/Rabii-Kati-Ghasak-300x153.jpg 300w, \/\/aujourdhui.ma\/wp-content\/uploads\/2021\/03\/Rabii-Kati-Ghasak-274x140.jpg 274w, \/\/aujourdhui.ma\/wp-content\/uploads\/2021\/03\/Rabii-Kati-Ghasak-165x84.jpg 165w, \/\/aujourdhui.ma\/wp-content\/uploads\/2021\/03\/Rabii-Kati-Ghasak-702x358.jpg 702w\" sizes=\"auto, (max-width: 746px) 100vw, 746px\"\/><\/a><\/p>\n<p>\u00abDans ce travail, je joue l\u2019un des r\u00f4les principaux. Il relate une histoire sociale qui \u00e9voque un sujet qui n\u2019a jamais \u00e9t\u00e9 abord\u00e9 auparavant\u00bb, souligne-t-il. L\u2019acteur participe \u00e9galement dans la s\u00e9rie t\u00e9l\u00e9vis\u00e9e \u00abOulad El 3am\u00bb de Brahim Chkiri , qui devrait \u00eatre diffus\u00e9e sur la cha\u00eene MB5 . Il joue aux c\u00f4t\u00e9s d\u2019une s\u00e9lection d\u2019acteurs \u00e0 l\u2019instar de Fatima Khayr, Aziz Dades, Said Ait Baja, Naima Bouhmala, Noufissa Benchehida, Ghita Berrada et autres. De m\u00eame, il est en plein tournage de la s\u00e9rie \u00abSewlou Dmou3i\u00bb de Brahim Chkri dans laquelle, il joue l\u2019un des r\u00f4les principaux. Il faut dire que Rabii Kati fait partie de ces acteurs jug\u00e9s sur leur capacit\u00e9 \u00e0 incarner les h\u00e9ros les plus divers. Il a commenc\u00e9 sa carri\u00e8re sur sc\u00e8ne avec des r\u00f4les dans trois pi\u00e8ces en Europe, en Belgique et en France.<\/p>\n<p>Parall\u00e8lement, il a particip\u00e9 \u00e0 plusieurs s\u00e9ries t\u00e9l\u00e9vis\u00e9es \u00e9gyptiennes, marocaines et syriennes. Au cin\u00e9ma national, il s\u2019est d\u00e9marqu\u00e9 par son premier r\u00f4le dans le film \u00abAbwab Al Jenna\u00bb (Les portes du paradis), des fr\u00e8res Soheil et Emad Nouri, suivi d\u2019un deuxi\u00e8me film du r\u00e9alisateur Hassan Benjelloun \u00abFin Machi ya Mosh\u00e9\u00bb (O\u00f9 vas-tu Mosh\u00e9 ?). Son premier t\u00e9l\u00e9film a \u00e9t\u00e9 \u00abL\u2019Arbre du Mausol\u00e9e\u00bb. De m\u00eame, il s\u2019est distingu\u00e9 dans les com\u00e9dies marocaines \u00abRoad to Kabul\u00bb de Barhim Chkiri et \u00ab30 Melyoun\u00bb de Rabii Shajiid. L\u2019acteur a des exp\u00e9riences importantes sur le plan arabe. R\u00e9cemment, il s\u2019est illustr\u00e9 par son r\u00f4le dans \u00abSuleiman Bacha El Barouni\u00bb. Gr\u00e2ce \u00e0 cette interpr\u00e9tation, il a rafl\u00e9 le prix du meilleur premier r\u00f4le dans le festival libyen \u00abSeptimos\u00bb.<\/p>\n<p>Auteur: Siham Jadraoui<br \/>\n<a href=\"https:\/\/aujourdhui.ma\/culture\/cinema\/rabii-kati-lacteur-aux-mille-visages\">Cliquez ici pour lire l&rsquo;article depuis sa source.<\/a><\/p>\n","protected":false},"excerpt":{"rendered":"<p>Apr\u00e8s \u00abEl Zaaiman\u00bb, il participe dans la production arabe \u00abGhasak\u00bb pr\u00e9vue durant le mois de Ramadan \u00ab\u00abGhasak\u00bb, est une cr\u00e9ativit\u00e9 artistique du r\u00e9alisateur Osama Rezg. Elle r\u00e9sume l\u2019\u00e9pop\u00e9e \u00abAl-Banyan Al-Marsous\u00bb qui a d\u00e9barrass\u00e9 la Libye du spectre de l\u2019\u00c9tat islamique\u00bb. L\u2019acteur Rabii Kati continue de pr\u00eater ses traits \u00e0 des personnages sans cesse. Apr\u00e8s avoir [&hellip;]<\/p>\n","protected":false},"author":1759,"featured_media":0,"comment_status":"closed","ping_status":"closed","sticky":false,"template":"","format":"standard","meta":{"fifu_image_url":"http:\/\/aujourdhui.ma\/wp-content\/uploads\/2021\/03\/Rabii-Kati.jpg","fifu_image_alt":"Rabii Kati, l\u2019acteur aux mille visages","footnotes":""},"categories":[73,54],"tags":[],"class_list":["post-112966","post","type-post","status-publish","format-standard","hentry","category-actualite","category-maroc"],"_links":{"self":[{"href":"https:\/\/linitiative.ca\/International\/wp-json\/wp\/v2\/posts\/112966","targetHints":{"allow":["GET"]}}],"collection":[{"href":"https:\/\/linitiative.ca\/International\/wp-json\/wp\/v2\/posts"}],"about":[{"href":"https:\/\/linitiative.ca\/International\/wp-json\/wp\/v2\/types\/post"}],"author":[{"embeddable":true,"href":"https:\/\/linitiative.ca\/International\/wp-json\/wp\/v2\/users\/1759"}],"replies":[{"embeddable":true,"href":"https:\/\/linitiative.ca\/International\/wp-json\/wp\/v2\/comments?post=112966"}],"version-history":[{"count":0,"href":"https:\/\/linitiative.ca\/International\/wp-json\/wp\/v2\/posts\/112966\/revisions"}],"wp:attachment":[{"href":"https:\/\/linitiative.ca\/International\/wp-json\/wp\/v2\/media?parent=112966"}],"wp:term":[{"taxonomy":"category","embeddable":true,"href":"https:\/\/linitiative.ca\/International\/wp-json\/wp\/v2\/categories?post=112966"},{"taxonomy":"post_tag","embeddable":true,"href":"https:\/\/linitiative.ca\/International\/wp-json\/wp\/v2\/tags?post=112966"}],"curies":[{"name":"wp","href":"https:\/\/api.w.org\/{rel}","templated":true}]}}