{"id":112967,"date":"2021-03-12T09:10:24","date_gmt":"2021-03-12T14:10:24","guid":{"rendered":"https:\/\/linitiative.ca\/International\/fouzi-lekjaa-elu-au-conseil-de-la-fifa\/"},"modified":"2021-03-12T09:10:24","modified_gmt":"2021-03-12T14:10:24","slug":"fouzi-lekjaa-elu-au-conseil-de-la-fifa","status":"publish","type":"post","link":"https:\/\/linitiative.ca\/International\/fouzi-lekjaa-elu-au-conseil-de-la-fifa\/","title":{"rendered":"Fouzi Lekjaa \u00e9lu au conseil de la FIFA"},"content":{"rendered":"<header>\n<div class=\"entry-post-meta\">\n<div class=\"author-link\">Publi\u00e9 par <a itemprop=\"author\" itemscope=\"itemscope\" itemtype=\"https:\/\/schema.org\/Person\" href=\"https:\/\/aujourdhui.ma\/author\/kaid\" rel=\"author\"><span itemprop=\"name\">ALM<\/span><\/a><\/div>\n<p>Date\u00a0:<time content=\"2021-03-12T15:10:24+01:00\" class=\"entry-date updated\" datetime=\"2021-03-12T15:10:24+01:00\">mars 12, 2021<\/time><\/p>\n<div class=\"entry-cat\">dans:<a href=\"https:\/\/aujourdhui.ma\/category\/sports\" rel=\"category tag\">Sports<\/a>, <a href=\"https:\/\/aujourdhui.ma\/category\/une\" rel=\"category tag\">Une<\/a><\/div>\n<p>226Vues<\/p>\n<\/div>\n<\/header>\n<div class=\"entry-content clearfix\" readability=\"60\">\n<figure class=\"post-thumbnail\" itemprop=\"associatedMedia\" itemscope=\"itemscope\" itemtype=\"http:\/\/schema.org\/ImageObject\"><img decoding=\"async\" class=\"post_layout_5_img\" src=\"http:\/\/aujourdhui.ma\/wp-content\/uploads\/2018\/01\/Faouzi-Lekjaa-Morocco-2026.jpg\" alt=\"Fouzi Lekjaa \u00e9lu au conseil de la FIFA\"\/><\/figure>\n<p><span class=\"c5\"><strong>Le pr\u00e9sident de la F\u00e9d\u00e9ration royale marocaine de football, Fouzi Lekjaa, a \u00e9t\u00e9 \u00e9lu, vendredi \u00e0 Rabat, membre du Conseil de la F\u00e9d\u00e9ration internationale de football (FIFA), lors de la 43\u00e8 Assembl\u00e9e g\u00e9n\u00e9rale ordinaire (AGO) et \u00e9lective de la Conf\u00e9d\u00e9ration africaine de football (CAF).<\/strong><\/span><span id=\"more-370901\"\/><\/p>\n<p>Outre M. Lekjaa, l\u2019Egyptien Hany Abo Rida, qui briguait un deuxi\u00e8me mandat, a \u00e9galement \u00e9t\u00e9 \u00e9lu au Conseil de la FIFA dans le groupe linguistique arabophone, lusophone et hispanophone. L\u2019\u00e9lection de M. Lekjaa est la premi\u00e8re de son genre du Maroc \u00e0 cette instance sportive mondiale.<\/p>\n<p>M. Lekjaa, deuxi\u00e8me vice-pr\u00e9sident de la CAF, occupe, en outre, plusieurs fonctions au sein des instances et commissions du football mondial et continental: il est pr\u00e9sident de la commission des finances de la CAF et vice-pr\u00e9sident de la commission d\u2019organisation des comp\u00e9titions inter-clubs et de la gestion du syst\u00e8me d\u2019octroi des licences de clubs au sein de la CAF, en plus de si\u00e9ger \u00e0 la commission de gouvernance de la FIFA. Le pr\u00e9sident de la F\u00e9d\u00e9ration alg\u00e9rienne, Khreireddine Zetchi, qui \u00e9tait lui aussi en lice pour un post au Conseil de la FIFA, s\u2019est retir\u00e9 de la course juste avant les \u00e9lections.<\/p>\n<\/div>\n<p>Auteur: ALM<br \/>\n<a href=\"https:\/\/aujourdhui.ma\/une\/fouzi-lekjaa-elu-au-conseil-de-la-fifa\">Cliquez ici pour lire l&rsquo;article depuis sa source.<\/a><\/p>\n","protected":false},"excerpt":{"rendered":"<p>Publi\u00e9 par ALM Date\u00a0:mars 12, 2021 dans:Sports, Une 226Vues Le pr\u00e9sident de la F\u00e9d\u00e9ration royale marocaine de football, Fouzi Lekjaa, a \u00e9t\u00e9 \u00e9lu, vendredi \u00e0 Rabat, membre du Conseil de la F\u00e9d\u00e9ration internationale de football (FIFA), lors de la 43\u00e8 Assembl\u00e9e g\u00e9n\u00e9rale ordinaire (AGO) et \u00e9lective de la Conf\u00e9d\u00e9ration africaine de football (CAF). Outre M. [&hellip;]<\/p>\n","protected":false},"author":1759,"featured_media":0,"comment_status":"closed","ping_status":"closed","sticky":false,"template":"","format":"standard","meta":{"fifu_image_url":"http:\/\/aujourdhui.ma\/wp-content\/uploads\/2018\/01\/Faouzi-Lekjaa-Morocco-2026.jpg","fifu_image_alt":"Fouzi Lekjaa \u00e9lu au conseil de la FIFA","footnotes":""},"categories":[73,54],"tags":[],"class_list":["post-112967","post","type-post","status-publish","format-standard","hentry","category-actualite","category-maroc"],"_links":{"self":[{"href":"https:\/\/linitiative.ca\/International\/wp-json\/wp\/v2\/posts\/112967","targetHints":{"allow":["GET"]}}],"collection":[{"href":"https:\/\/linitiative.ca\/International\/wp-json\/wp\/v2\/posts"}],"about":[{"href":"https:\/\/linitiative.ca\/International\/wp-json\/wp\/v2\/types\/post"}],"author":[{"embeddable":true,"href":"https:\/\/linitiative.ca\/International\/wp-json\/wp\/v2\/users\/1759"}],"replies":[{"embeddable":true,"href":"https:\/\/linitiative.ca\/International\/wp-json\/wp\/v2\/comments?post=112967"}],"version-history":[{"count":0,"href":"https:\/\/linitiative.ca\/International\/wp-json\/wp\/v2\/posts\/112967\/revisions"}],"wp:attachment":[{"href":"https:\/\/linitiative.ca\/International\/wp-json\/wp\/v2\/media?parent=112967"}],"wp:term":[{"taxonomy":"category","embeddable":true,"href":"https:\/\/linitiative.ca\/International\/wp-json\/wp\/v2\/categories?post=112967"},{"taxonomy":"post_tag","embeddable":true,"href":"https:\/\/linitiative.ca\/International\/wp-json\/wp\/v2\/tags?post=112967"}],"curies":[{"name":"wp","href":"https:\/\/api.w.org\/{rel}","templated":true}]}}