{"id":112969,"date":"2021-03-12T10:10:02","date_gmt":"2021-03-12T15:10:02","guid":{"rendered":"https:\/\/linitiative.ca\/International\/plus-de-44-des-femmes-au-maroc-nont-pas-de-couverture-medicale\/"},"modified":"2021-03-12T10:10:02","modified_gmt":"2021-03-12T15:10:02","slug":"plus-de-44-des-femmes-au-maroc-nont-pas-de-couverture-medicale","status":"publish","type":"post","link":"https:\/\/linitiative.ca\/International\/plus-de-44-des-femmes-au-maroc-nont-pas-de-couverture-medicale\/","title":{"rendered":"Plus de 44% des femmes au Maroc n\u2019ont pas de couverture m\u00e9dicale"},"content":{"rendered":"<figure class=\"post-thumbnail\" itemprop=\"associatedMedia\" itemscope=\"itemscope\" itemtype=\"http:\/\/schema.org\/ImageObject\"><img decoding=\"async\" class=\"post_layout_5_img\" src=\"http:\/\/aujourdhui.ma\/wp-content\/uploads\/2021\/03\/ramed_hopital.jpg\" alt=\"Plus de 44% des femmes au Maroc n\u2019ont pas de couverture m\u00e9dicale\"\/><\/figure>\n<p><strong>Pr\u00e8s de la moiti\u00e9 de la population f\u00e9minine ne dispose d\u2019aucune couverture m\u00e9dicale. 44,6% des femmes ne sont ni adh\u00e9rentes ni b\u00e9n\u00e9ficiaires d\u2019aucun des deux syst\u00e8mes d\u2019assurance-maladie (AMO ou RAMED).<\/strong> <span id=\"more-370861\"\/>C\u2019est ce qui ressort de l\u2019\u00e9tude sur \u00ables discriminations intersectionnelles des femmes au Maroc\u00bb r\u00e9alis\u00e9e par l\u2019Observatoire national du d\u00e9veloppement humain (ONDH). Cela dit, ce taux moyen (44,6%) cache de fortes in\u00e9galit\u00e9s entre les femmes selon plusieurs crit\u00e8res : milieu de r\u00e9sidence, quintiles de d\u00e9penses et r\u00e9gion. En milieu urbain, le taux de privation par rapport \u00e0 l\u2019assurance-maladie atteint 39,2% et pour le milieu rural, il est de l\u2019ordre de 53,7%, soit un d\u00e9passement relatif de presque 37%. Selon les quintiles de d\u00e9penses, les femmes les plus riches ont un taux de privation situ\u00e9 \u00e0 33,2% et les femmes les plus pauvres ont un taux qui atteint 51,8% (soit un d\u00e9passement relatif de l\u2019ordre de 56%). Les deux r\u00e9gions qui enregistrent les taux de privation les plus bas sont celles du Sud (28,8%) et de l\u2019Oriental (29,9%). En revanche, les deux r\u00e9gions marqu\u00e9es par les taux de privation les plus \u00e9lev\u00e9s sont celles de B\u00e9ni Mellal-Kh\u00e9nifra (51,1%) et du Souss-Massa (53,1%).<\/p>\n<p>Le croisement selon les crit\u00e8res de milieu de r\u00e9sidence, quintiles de d\u00e9penses et r\u00e9gion de r\u00e9sidence montre que certains groupes de femmes sont moins priv\u00e9s que d\u2019autres. Les groupes les moins priv\u00e9s sont les citadins les plus riches des r\u00e9gions du Sud (23,5%) et de l\u2019Oriental (24,6%). Les groupes les plus d\u00e9favoris\u00e9s sont les ruraux les plus pauvres des r\u00e9gions de B\u00e9ni Mellal-Kh\u00e9nifra (60,3%) et Casablanca-Settat (60,5%). L\u2019ONDH fait remarquer que les femmes rurales les plus pauvres occasionnent un taux de privation de l\u2019ordre de 54,5% alors que les citadines les plus riches ont un taux de privation situ\u00e9 \u00e0 30,5%. Le groupe le plus d\u00e9favoris\u00e9 \u00abdes ruraux les plus pauvres de la r\u00e9gion Casablanca-Settat\u00bb enregistre un taux de privation \u00e9lev\u00e9, \u00e0 60,5%.<br \/>Dans son \u00e9tude, l\u2019Observatoire s\u2019est int\u00e9ress\u00e9 aux femmes \u00e2g\u00e9es de 18 ans et plus ne disposant pas de couverture m\u00e9dicale et confront\u00e9es simultan\u00e9ment \u00e0 d\u2019autres privations : cycle primaire non compl\u00e9t\u00e9 et statut d\u00e9cent dans l\u2019emploi. Les r\u00e9sultats, en tenant compte de ces crit\u00e8res, r\u00e9v\u00e8lent que 27,9% des femmes de cette cat\u00e9gorie de la population sont priv\u00e9es de mani\u00e8re simultan\u00e9e d\u2019une assurance-maladie, d\u2019un statut d\u00e9cent, ainsi qu\u2019elles n\u2019ont pas compl\u00e9t\u00e9 leur cycle d\u2019enseignement primaire. L\u2019estimation de l\u2019effectif de ce groupe de femmes discrimin\u00e9es de mani\u00e8re simultan\u00e9e s\u2019\u00e9l\u00e8ve \u00e0 3.359.150. La r\u00e9partition de la population f\u00e9minine victime de ces privations simultan\u00e9es selon le milieu de r\u00e9sidence montre que pr\u00e8s de 55,1% r\u00e9sident en milieu rural alors que la r\u00e9partition de la population concern\u00e9e, qu\u2019elle soit priv\u00e9e et non priv\u00e9e de mani\u00e8re simultan\u00e9e, montre que les femmes en milieu rural ne repr\u00e9sentent que 35,2%. L\u2019\u00e9cart absolu entre ces deux proportions est 19,9% et en terme relatif 56,6%.<\/p>\n<p><strong>Les obstacles \u00e0 l\u2019acc\u00e8s aux services de sant\u00e9<\/strong><br \/>L\u2019analyse qualitative r\u00e9alis\u00e9e aupr\u00e8s des femmes et des filles issues des milieux les plus discrimin\u00e9s montre que celles-ci souffrent de fortes limitations \u00e0 l\u2019acc\u00e8s aux services de sant\u00e9 cons\u00e9cutives \u00e0 leur faible pouvoir \u00e9conomique et au fait qu\u2019elles ne disposent pas d\u2019autonomie dans leur d\u00e9cisions relatives \u00e0 leur propre sant\u00e9.<\/p>\n<p>Ces limitations sont accentu\u00e9es par d\u2019autres facteurs li\u00e9s aux d\u00e9s\u00e9quilibres de la couverture sanitaire, aux probl\u00e8mes d\u2019accessibilit\u00e9 au transport et aux limites intrins\u00e8ques au Ramed qui \u00e9branlent leur confiance envers les prestataires de soins. Parmi les principaux dysfonctionnements, l\u2019ONDH rel\u00e8ve le caract\u00e8re juridique non contraignant de la loi 65-00 pour fournir les soins adh\u00e9rents au Ramed.<br \/>L\u2019Observatoire mentionne \u00e9galement la complexit\u00e9 des proc\u00e9dures li\u00e9es \u00e0 la demande de la carte d\u2019affiliation au Ramed, le parcours de soins impos\u00e9 aux Ram\u00e9distes en situation de handicap ou vivant en milieu rural. Parmi les autres obstacles figure l\u2019absence de structures et de personnel d\u00e9di\u00e9 \u00e0 la prise en charge et \u00e0 l\u2019accompagnement des personnes malades de longue dur\u00e9e, handicap\u00e9es ou d\u00e9pendantes.<\/p>\n<p>Auteur: ALM<br \/>\n<a href=\"https:\/\/aujourdhui.ma\/societe\/plus-de-44-des-femmes-au-maroc-nont-pas-de-couverture-medicale\">Cliquez ici pour lire l&rsquo;article depuis sa source.<\/a><\/p>\n","protected":false},"excerpt":{"rendered":"<p>Pr\u00e8s de la moiti\u00e9 de la population f\u00e9minine ne dispose d\u2019aucune couverture m\u00e9dicale. 44,6% des femmes ne sont ni adh\u00e9rentes ni b\u00e9n\u00e9ficiaires d\u2019aucun des deux syst\u00e8mes d\u2019assurance-maladie (AMO ou RAMED). C\u2019est ce qui ressort de l\u2019\u00e9tude sur \u00ables discriminations intersectionnelles des femmes au Maroc\u00bb r\u00e9alis\u00e9e par l\u2019Observatoire national du d\u00e9veloppement humain (ONDH). Cela dit, ce [&hellip;]<\/p>\n","protected":false},"author":1759,"featured_media":0,"comment_status":"closed","ping_status":"closed","sticky":false,"template":"","format":"standard","meta":{"fifu_image_url":"http:\/\/aujourdhui.ma\/wp-content\/uploads\/2021\/03\/ramed_hopital.jpg","fifu_image_alt":"Plus de 44% des femmes au Maroc n\u2019ont pas de couverture m\u00e9dicale","footnotes":""},"categories":[73,54],"tags":[],"class_list":["post-112969","post","type-post","status-publish","format-standard","hentry","category-actualite","category-maroc"],"_links":{"self":[{"href":"https:\/\/linitiative.ca\/International\/wp-json\/wp\/v2\/posts\/112969","targetHints":{"allow":["GET"]}}],"collection":[{"href":"https:\/\/linitiative.ca\/International\/wp-json\/wp\/v2\/posts"}],"about":[{"href":"https:\/\/linitiative.ca\/International\/wp-json\/wp\/v2\/types\/post"}],"author":[{"embeddable":true,"href":"https:\/\/linitiative.ca\/International\/wp-json\/wp\/v2\/users\/1759"}],"replies":[{"embeddable":true,"href":"https:\/\/linitiative.ca\/International\/wp-json\/wp\/v2\/comments?post=112969"}],"version-history":[{"count":0,"href":"https:\/\/linitiative.ca\/International\/wp-json\/wp\/v2\/posts\/112969\/revisions"}],"wp:attachment":[{"href":"https:\/\/linitiative.ca\/International\/wp-json\/wp\/v2\/media?parent=112969"}],"wp:term":[{"taxonomy":"category","embeddable":true,"href":"https:\/\/linitiative.ca\/International\/wp-json\/wp\/v2\/categories?post=112969"},{"taxonomy":"post_tag","embeddable":true,"href":"https:\/\/linitiative.ca\/International\/wp-json\/wp\/v2\/tags?post=112969"}],"curies":[{"name":"wp","href":"https:\/\/api.w.org\/{rel}","templated":true}]}}