{"id":112973,"date":"2021-03-11T13:00:47","date_gmt":"2021-03-11T18:00:47","guid":{"rendered":"https:\/\/linitiative.ca\/International\/%ef%bb%bflambassade-du-maroc-rend-hommage-a-mme-michelle-bolsonaro\/"},"modified":"2021-03-11T13:00:47","modified_gmt":"2021-03-11T18:00:47","slug":"%ef%bb%bflambassade-du-maroc-rend-hommage-a-mme-michelle-bolsonaro","status":"publish","type":"post","link":"https:\/\/linitiative.ca\/International\/%ef%bb%bflambassade-du-maroc-rend-hommage-a-mme-michelle-bolsonaro\/","title":{"rendered":"\ufeffL\u2019Ambassade du Maroc rend hommage \u00e0 Mme Michelle Bolsonaro"},"content":{"rendered":"<p class=\"has-text-color has-vivid-red-color c1\"><strong>Premi\u00e8re Dame du Br\u00e9sil<\/strong><\/p>\n<p class=\"has-text-color has-vivid-cyan-blue-color\"><strong>L\u2019Ambassade du Maroc au Br\u00e9sil a rendu hommage, mercredi \u00e0 Brasilia, \u00e0 la Premi\u00e8re Dame du Br\u00e9sil, Mme Michelle Bolsonaro pour l\u2019\u0153uvre caritative qu\u2019elle promeut dans le cadre du Programme \u00abBrasil, Patria Voluntaria\u00bb (Br\u00e9sil, Patrie volontaire).<\/strong><\/p>\n<p>A cette occasion, l\u2019ambassadeur du Royaume \u00e0 Brasilia, Nabil Adghoghi, a salu\u00e9 les liens de grande amiti\u00e9 et d\u2019estime qui lient le Royaume et le pays sud-am\u00e9ricain et a annonc\u00e9 le soutien du Maroc \u00e0 l\u2019initiative de solidarit\u00e9 parrain\u00e9e par Mme Bolsonaro en faveur des populations vuln\u00e9rables touch\u00e9es par le Covid-19.<\/p>\n<p>Le diplomate marocain a rendu hommage, dans une allocution, \u00e0 l\u2019engagement de la Premi\u00e8re Dame pour la promotion des valeurs de citoyennet\u00e9 et de solidarit\u00e9, saluant cette initiative \u00abqui place l\u2019\u00eatre humain au coeur des politiques publiques en mati\u00e8re d\u2019action sociale et permet un contact direct avec les gens en vue de comprendre leurs attentes et leur apporter protection et assistance\u00bb.<\/p>\n<p>Pour sa part, Mme Bolsonaro a fait part de sa profonde gratitude au Maroc pour cet acte de solidarit\u00e9 et a exprim\u00e9 toute son admiration de la culture, de l\u2019architecture, de l\u2019art culinaire et des valeurs authentiques d\u2019hospitalit\u00e9 du Royaume.<\/p>\n<p>Le programme \u00abBrasil, Patria Voluntaria\u00bb est coordonn\u00e9 par la Maison civile (d\u00e9partement du premier ministre) de la Pr\u00e9sidence de la R\u00e9publique. Il vise \u00e0 promouvoir le volontariat en tant qu\u2019acte de solidarit\u00e9 et de citoyennet\u00e9. Institu\u00e9 par d\u00e9cret en 2019, le programme se veut un instrument de promotion de l\u2019action sociale de mani\u00e8re articul\u00e9e entre le gouvernement, le corps diplomatique, les organisations de la soci\u00e9t\u00e9 civile et le secteur priv\u00e9.<\/p>\n<p>Auteur: M&rsquo;hammed rahal<br \/>\n<a href=\"http:\/\/albayane.press.ma\/%EF%BB%BFlambassade-du-maroc-rend-hommage-a-mme-michelle-bolsonaro.html\">Cliquez ici pour lire l&rsquo;article depuis sa source.<\/a><\/p>\n","protected":false},"excerpt":{"rendered":"<p>Premi\u00e8re Dame du Br\u00e9sil L\u2019Ambassade du Maroc au Br\u00e9sil a rendu hommage, mercredi \u00e0 Brasilia, \u00e0 la Premi\u00e8re Dame du Br\u00e9sil, Mme Michelle Bolsonaro pour l\u2019\u0153uvre caritative qu\u2019elle promeut dans le cadre du Programme \u00abBrasil, Patria Voluntaria\u00bb (Br\u00e9sil, Patrie volontaire). A cette occasion, l\u2019ambassadeur du Royaume \u00e0 Brasilia, Nabil Adghoghi, a salu\u00e9 les liens de [&hellip;]<\/p>\n","protected":false},"author":1760,"featured_media":0,"comment_status":"closed","ping_status":"closed","sticky":false,"template":"","format":"standard","meta":{"fifu_image_url":"","fifu_image_alt":"","footnotes":""},"categories":[73,54],"tags":[],"class_list":["post-112973","post","type-post","status-publish","format-standard","hentry","category-actualite","category-maroc"],"_links":{"self":[{"href":"https:\/\/linitiative.ca\/International\/wp-json\/wp\/v2\/posts\/112973","targetHints":{"allow":["GET"]}}],"collection":[{"href":"https:\/\/linitiative.ca\/International\/wp-json\/wp\/v2\/posts"}],"about":[{"href":"https:\/\/linitiative.ca\/International\/wp-json\/wp\/v2\/types\/post"}],"author":[{"embeddable":true,"href":"https:\/\/linitiative.ca\/International\/wp-json\/wp\/v2\/users\/1760"}],"replies":[{"embeddable":true,"href":"https:\/\/linitiative.ca\/International\/wp-json\/wp\/v2\/comments?post=112973"}],"version-history":[{"count":0,"href":"https:\/\/linitiative.ca\/International\/wp-json\/wp\/v2\/posts\/112973\/revisions"}],"wp:attachment":[{"href":"https:\/\/linitiative.ca\/International\/wp-json\/wp\/v2\/media?parent=112973"}],"wp:term":[{"taxonomy":"category","embeddable":true,"href":"https:\/\/linitiative.ca\/International\/wp-json\/wp\/v2\/categories?post=112973"},{"taxonomy":"post_tag","embeddable":true,"href":"https:\/\/linitiative.ca\/International\/wp-json\/wp\/v2\/tags?post=112973"}],"curies":[{"name":"wp","href":"https:\/\/api.w.org\/{rel}","templated":true}]}}