{"id":112975,"date":"2021-03-11T13:00:59","date_gmt":"2021-03-11T18:00:59","guid":{"rendered":"https:\/\/linitiative.ca\/International\/algerie-la-decheance-de-la-nationalite-de-la-diaspora-un-texte-qui-divise\/"},"modified":"2021-03-11T13:00:59","modified_gmt":"2021-03-11T18:00:59","slug":"algerie-la-decheance-de-la-nationalite-de-la-diaspora-un-texte-qui-divise","status":"publish","type":"post","link":"https:\/\/linitiative.ca\/International\/algerie-la-decheance-de-la-nationalite-de-la-diaspora-un-texte-qui-divise\/","title":{"rendered":"Alg\u00e9rie: La d\u00e9ch\u00e9ance de la nationalit\u00e9 de la diaspora, un texte qui divise"},"content":{"rendered":"<p class=\"c1\"><strong>Par Mahmoud El Kali (MAP)<\/strong><\/p>\n<p class=\"has-text-color has-vivid-cyan-blue-color\"><strong>\u00a0Tomb\u00e9 comme un grand couperet, l\u2019\u00e9trange avant-projet de loi sur la d\u00e9ch\u00e9ance de la nationalit\u00e9 de la diaspora alg\u00e9rienne vient rajouter une couche au long cycle de tension entre un peuple en col\u00e8re et un r\u00e9gime aux abois dans un pays en crise.<\/strong><\/p>\n<p>Habitu\u00e9 \u00e0 isoler les opposants et \u00e0 r\u00e9primer dans le sang la dissidence, le r\u00e9gime alg\u00e9rien met sur la table une l\u00e9gislation inattendue qui s\u2019ajoute \u00e0 celles adopt\u00e9es durant l\u2019ann\u00e9e 2020 et qualifi\u00e9es par d\u2019aucuns de \u201cliberticides\u201d.<\/p>\n<p>Cette loi, qui intervient dans une conjoncture marqu\u00e9e par le retour des manifestations de rue, a \u00e9t\u00e9 d\u00e9cri\u00e9e par les Alg\u00e9riens lors des manifestations de vendredi et des marches de mardi au cours desquelles de nouveaux slogans ont \u00e9t\u00e9 scand\u00e9s tels que: \u201c\u00c9tat terroriste, retirez-nous la nationalit\u00e9\u201d et \u201cVous n\u2019allez pas nous intimider avec la d\u00e9ch\u00e9ance de la nationalit\u00e9 !\u201d.<\/p>\n<p>La d\u00e9ch\u00e9ance de la nationalit\u00e9 alg\u00e9rienne, acquise ou d\u2019origine qui, selon cette loi, sera applicable \u00e0 tout Alg\u00e9rien commettant, en dehors du territoire national, des actes portant volontairement de graves pr\u00e9judices aux int\u00e9r\u00eats de l\u2019\u00c9tat ou qui portent atteinte \u00e0 l\u2019unit\u00e9 nationale et \u00e0 celui qui s\u2019active ou adh\u00e8re \u00e0 une organisation terroriste, a suscit\u00e9 l\u2019ire des membres de la diaspora qui se sentent directement vis\u00e9s par une proc\u00e9dure in\u00e9dite dans les annales juridiques alg\u00e9riennes.<\/p>\n<p>Ils consid\u00e8rent que cette loi, si elle venait \u00e0 \u00eatre adopt\u00e9e, risque d\u2019aggraver le climat de crispation qui domine le pays qui cherche d\u00e9sesp\u00e9r\u00e9ment le chemin de la raison et d\u2019attiser la col\u00e8re grandissante qui s\u2019exprime depuis deux ans.<\/p>\n<p>Ils estiment que naturellement, les accusations d\u2019atteinte \u00e0 l\u2019unit\u00e9 nationale ou pr\u00e9judice aux int\u00e9r\u00eats de l\u2019\u00c9tat rappellent, \u00e0 juste titre, les chefs d\u2019inculpation retenus par la justice alg\u00e9rienne contre de nombreux opposants et militants pacifiques du Hirak, mais cette fois-ci contre les Alg\u00e9riens \u00e9tablis \u00e0 l\u2019\u00e9tranger.<\/p>\n<p>Beaucoup de d\u00e9tenus d\u2019opinion et de d\u00e9tenus politiques ont \u00e9t\u00e9 incarc\u00e9r\u00e9s depuis juin 2019 jusqu\u2019\u00e0 aujourd\u2019hui encore au nom de la mythique accusation d\u2019\u201datteinte \u00e0 l\u2019unit\u00e9 nationale\u201d, un chef d\u2019inculpation totalement politis\u00e9 par le r\u00e9gime alg\u00e9rien qui a consid\u00e9r\u00e9 par le pass\u00e9 et continue de consid\u00e9rer aujourd\u2019hui encore qu\u2019une simple publication d\u00e9non\u00e7ant les pratiques liberticides des dirigeants politiques ou civils du r\u00e9gime comme \u201catteinte \u00e0 l\u2019unit\u00e9 nationale\u201d.<\/p>\n<p>Ce projet de loi d\u00e9coule de l\u2019esprit totalitaire du nouveau r\u00e9gime alg\u00e9rien qui a vu le jour depuis la chute de Bouteflika au d\u00e9but du mois d\u2019avril 2019, estiment-ils, relevant que ce r\u00e9gime veut \u201cdiaboliser\u201d juridiquement l\u2019opposant qui r\u00e9siste contre son diktat et veut l\u2019associer \u00e0 la figure d\u00e9testable du \u201cterroriste\u201d.<\/p>\n<p>Dans un post sur twitter, le journaliste et \u00e9crivain alg\u00e9rien, Abed Charef, connu pour ses essais et chroniques politiques et sociales, a estim\u00e9 que \u201cle projet de loi sur la d\u00e9ch\u00e9ance de la nationalit\u00e9 visant des Alg\u00e9riens install\u00e9s \u00e0 l\u2019\u00e9tranger illustre en v\u00e9rit\u00e9 la d\u00e9ch\u00e9ance politique des concepteurs de ce projet\u201d.<\/p>\n<p>Le journaliste et essayiste, Akram Belka\u00efd, explique, pour sa part, que ne pouvant plus contr\u00f4ler la diaspora comme il pouvait le faire dans les ann\u00e9es 1970, le pouvoir alg\u00e9rien envisage de d\u00e9choir de leur nationalit\u00e9 celles et ceux qu\u2019il qualifie d\u2019\u201dennemis de la Nation\u201d, consid\u00e9rant cette l\u00e9gislation comme une \u201cfuite en avant qui continue\u201d.<\/p>\n<p>De son c\u00f4t\u00e9, McNeece Lucy, Professeure am\u00e9ricaine retrait\u00e9e, sp\u00e9cialis\u00e9e dans les litt\u00e9ratures et l\u2019histoire du monde arabo-musulman, a exprim\u00e9 son \u00e9tonnement d\u2019un geste malheureux de destituer les Alg\u00e9riens vivant \u00e0 l\u2019\u00e9tranger de leur identit\u00e9 profonde, les coupant de leurs attaches, par un r\u00e9gime qui les a souvent pouss\u00e9s \u00e0 partir.<\/p>\n<p>Pour l\u2019avocat et militant des droits de l\u2019Homme, Mokrane Ait Larbi, \u201cquelle que soit la gravit\u00e9 des crimes commis par le titulaire de la nationalit\u00e9 d\u2019origine, celle-ci ne peut lui \u00eatre retir\u00e9e, car l\u2019Alg\u00e9rien authentique pr\u00e9f\u00e9rera \u00eatre ex\u00e9cut\u00e9 en raison des crimes qu\u2019il a commis, mais il refusera qu\u2019il soit d\u00e9chu de la nationalit\u00e9 pour laquelle ses p\u00e8res et grands-p\u00e8res se sont sacrifi\u00e9s\u201d.<\/p>\n<p>\u201cLa nationalit\u00e9 alg\u00e9rienne d\u2019origine n\u2019appartient \u00e0 aucun pouvoir l\u00e9gislatif ou ex\u00e9cutif. Elle est inn\u00e9e, naturelle, d\u00e9finitive, irr\u00e9vocable, intangible, inali\u00e9nable et ne peut faire l\u2019objet d\u2019aucune d\u00e9ch\u00e9ance\u201d, explique, de son c\u00f4t\u00e9, le Dr Yacine Terkmane, pr\u00e9sident du Conseil r\u00e9gional de l\u2019ordre des m\u00e9decins de Blida.<\/p>\n<p>Il pr\u00e9cise que \u201cl\u2019avant-projet de loi introduit, en outre, une discrimination entre les Alg\u00e9riens\u201d.<\/p>\n<p>Sur sa page Facebook, l\u2019\u00e9crivain alg\u00e9rien Salim Bachi rappelle qu\u2019au cours de l\u2019histoire, des \u00c9tats, souvent ill\u00e9gitimes ou violents ou nouvellement cr\u00e9\u00e9s, ont proc\u00e9d\u00e9 \u00e0 cette \u201cfabrication d\u2019apatrides : URSS, Troisi\u00e8me Reich, Vichy\u2026\u201d.<\/p>\n<p>Le politologue Laddi Lahouari va plus loin en soulignant que dans le pass\u00e9, quand quelqu\u2019un commet une faute grave, par exemple un meurtre, la tribu l\u2019exile. Il devient \u201cexil\u00e9\u201d et la tribu \u201cle renie\u201d, explique-t-il, ironisant que le ministre de la Justice, Belkacem Zeghmati croit que \u201cl\u2019\u00c9tat alg\u00e9rien est une tribu\u201d.<\/p>\n<p>En adoptant une strat\u00e9gie qui jusque-l\u00e0 n\u2019a que des cons\u00e9quences d\u00e9sastreuses, le r\u00e9gime alg\u00e9rien ouvre une nouvelle bo\u00eete de Pandore aux cons\u00e9quences incalculables, l\u2019exposant \u00e0 des rappels \u00e0 l\u2019ordre internationaux comme c\u2019est le cas avec les \u201cmises en garde\u201d de l\u2019ONU qui hausse le ton et s\u2019inqui\u00e8te de la d\u00e9gradation de la situation des droits de l\u2019Homme en Alg\u00e9rie.<\/p>\n<p>Auteur: M&rsquo;hammed rahal<br \/>\n<a href=\"http:\/\/albayane.press.ma\/algerie-la-decheance-de-la-nationalite-de-la-diaspora-un-texte-qui-divise.html\">Cliquez ici pour lire l&rsquo;article depuis sa source.<\/a><\/p>\n","protected":false},"excerpt":{"rendered":"<p>Par Mahmoud El Kali (MAP) \u00a0Tomb\u00e9 comme un grand couperet, l\u2019\u00e9trange avant-projet de loi sur la d\u00e9ch\u00e9ance de la nationalit\u00e9 de la diaspora alg\u00e9rienne vient rajouter une couche au long cycle de tension entre un peuple en col\u00e8re et un r\u00e9gime aux abois dans un pays en crise. Habitu\u00e9 \u00e0 isoler les opposants et \u00e0 [&hellip;]<\/p>\n","protected":false},"author":1760,"featured_media":0,"comment_status":"closed","ping_status":"closed","sticky":false,"template":"","format":"standard","meta":{"fifu_image_url":"","fifu_image_alt":"","footnotes":""},"categories":[73,54],"tags":[],"class_list":["post-112975","post","type-post","status-publish","format-standard","hentry","category-actualite","category-maroc"],"_links":{"self":[{"href":"https:\/\/linitiative.ca\/International\/wp-json\/wp\/v2\/posts\/112975","targetHints":{"allow":["GET"]}}],"collection":[{"href":"https:\/\/linitiative.ca\/International\/wp-json\/wp\/v2\/posts"}],"about":[{"href":"https:\/\/linitiative.ca\/International\/wp-json\/wp\/v2\/types\/post"}],"author":[{"embeddable":true,"href":"https:\/\/linitiative.ca\/International\/wp-json\/wp\/v2\/users\/1760"}],"replies":[{"embeddable":true,"href":"https:\/\/linitiative.ca\/International\/wp-json\/wp\/v2\/comments?post=112975"}],"version-history":[{"count":0,"href":"https:\/\/linitiative.ca\/International\/wp-json\/wp\/v2\/posts\/112975\/revisions"}],"wp:attachment":[{"href":"https:\/\/linitiative.ca\/International\/wp-json\/wp\/v2\/media?parent=112975"}],"wp:term":[{"taxonomy":"category","embeddable":true,"href":"https:\/\/linitiative.ca\/International\/wp-json\/wp\/v2\/categories?post=112975"},{"taxonomy":"post_tag","embeddable":true,"href":"https:\/\/linitiative.ca\/International\/wp-json\/wp\/v2\/tags?post=112975"}],"curies":[{"name":"wp","href":"https:\/\/api.w.org\/{rel}","templated":true}]}}