{"id":112978,"date":"2021-03-12T06:09:15","date_gmt":"2021-03-12T11:09:15","guid":{"rendered":"https:\/\/linitiative.ca\/International\/irada-peche-une-subvention-de-16-md-pour-le-financement-dun-projet-a-medenine\/"},"modified":"2021-03-12T06:09:15","modified_gmt":"2021-03-12T11:09:15","slug":"irada-peche-une-subvention-de-16-md-pour-le-financement-dun-projet-a-medenine","status":"publish","type":"post","link":"https:\/\/linitiative.ca\/International\/irada-peche-une-subvention-de-16-md-pour-le-financement-dun-projet-a-medenine\/","title":{"rendered":"Irada \u2013 P\u00eache : une subvention de 1,6 MD pour le financement d\u2019un projet \u00e0 M\u00e9denine"},"content":{"rendered":"<div class=\"td-post-content\">\n<h2>Une c\u00e9r\u00e9monie s\u2019est tenue le 11 mars 2021 au si\u00e8ge du gouvernorat de M\u00e9denine. Elle portait sur la signature du contrat de\u00a0 financement du projet collaboratif entre l\u2019Office de D\u00e9veloppement du Sud (ODS) et le groupement interprofessionnel des produits de p\u00eache (GIPP).<\/h2>\n<p>Ce projet collaboratif vise \u00e0 contribuer au d\u00e9veloppement de la fili\u00e8re p\u00eache dans le gouvernorat de M\u00e9denine.<\/p>\n<p class=\"td-modal-image\"><a class=\"\" href=\"https:\/\/i0.wp.com\/www.leconomistemaghrebin.com\/wp-content\/uploads\/2021\/03\/Irada-M%C3%A9denine.jpg\"><img loading=\"lazy\" decoding=\"async\" class=\"alignleft size-full wp-image-379887 jetpack-lazy-image jetpack-lazy-image--handled\" src=\"https:\/\/i0.wp.com\/www.leconomistemaghrebin.com\/wp-content\/uploads\/2021\/03\/Irada-M\u00e9denine.jpg?resize=696,463\" alt=\"\" width=\"696\" height=\"463\" data-recalc-dims=\"1\" data-lazy-loaded=\"1\"\/><\/a><\/p>\n<p>Une subvention de plus de 1,6 million de dinars financ\u00e9e par l\u2019Union europ\u00e9enne a \u00e9t\u00e9 accord\u00e9e pour la mise en \u0153uvre de ce projet. Il vise \u00e0:<\/p>\n<ul>\n<li>Am\u00e9liorer le dialogue et la collaboration multi acteurs dans\u00a0<a href=\"https:\/\/mcusercontent.com\/74583b73157625cd25874cd29\/files\/6150e3f5-570e-4e50-9d29-55760accd29c\/FACTSHEET_FILIERE_PECHE.pdf?utm_source=Presse&amp;utm_campaign=84513350e4-corptour_20160905_COPY_02&amp;utm_medium=email&amp;utm_term=0_968e5e4144-84513350e4-425514021\" target=\"_blank\" rel=\"noopener noreferrer\">le secteur de la p\u00eache et de l\u2019aquaculture dans le gouvernorat de M\u00e9denine<\/a>. Et ce, en vue de promouvoir la gestion durable des ressources halieutiques.<\/li>\n<li>Contribuer \u00e0 l\u2019am\u00e9lioration de la qualit\u00e9 et de la mise \u00e0 niveau des embarcations de la p\u00eache artisanale. Et ce, en conformit\u00e9 avec les mesures de gestion durables applicables \u00e0 chaque p\u00eacherie.<\/li>\n<li>Diversifier la valorisation des produits de la p\u00eache et renforcer les capacit\u00e9s des acteurs au niveau de la ma\u00eetrise technique. Mais aussi de l\u2019acc\u00e8s aux march\u00e9s et le respect des mesures de gestion durable applicables aux p\u00eacheries.<\/li>\n<\/ul>\n<p>Ainsi, la plateforme de dialogue public-priv\u00e9 est initi\u00e9e par le\u00a0<a href=\"https:\/\/www.facebook.com\/IRADA-pour-la-r%C3%A9gion-par-la-r%C3%A9gion-2029797193973020?utm_source=Presse&amp;utm_campaign=84513350e4-corptour_20160905_COPY_02&amp;utm_medium=email&amp;utm_term=0_968e5e4144-84513350e4-425514021\" target=\"_blank\" rel=\"noopener noreferrer\">Programme Irada<\/a>\u00a0dans la r\u00e9gion. Elle a identifi\u00e9 la fili\u00e8re p\u00eache comme fili\u00e8re prioritaire. Et ce, vu ses potentialit\u00e9s et son importance \u00e9conomique \u00e0 l\u2019\u00e9chelle r\u00e9gionale et m\u00eame nationale. Notons que la r\u00e9gion de M\u00e9denine repr\u00e9sente plus de 16% de la production nationale des produits de la p\u00eache.<\/p>\n<p>Par ailleurs, rappelons la r\u00e9alisation d\u2019une \u00e9tude d\u2019\u00e9laboration d\u2019un plan d\u2019action de d\u00e9veloppement de la fili\u00e8re p\u00eache et aquaculture dans le gouvernorat de M\u00e9denine. Cette m\u00eame \u00e9tude que validait les acteurs priv\u00e9s et publics. Par cons\u00e9quent, le Programme Irada a d\u00e9marr\u00e9 en avril 2018 dans le gouvernorat de M\u00e9denine.<\/p>\n<\/div>\n<footer>\n<div class=\"td-post-source-tags\">\n<ul class=\"td-tags td-post-small-box clearfix\">\n<li><strong>leconomistemaghrebin<\/strong><\/li>\n<\/ul>\n<\/div>\n<\/footer>\n<div class=\"wp-post-author-wrap wp-post-author-shortcode left\">\n<h3 class=\"awpa-title\"\/>\n<div class=\"wp-post-author\">\n<div class=\"awpa-img awpa-author-block square\"><a href=\"http:\/\/lexpertjournal.net\/fr\/?author=5\"><img loading=\"lazy\" decoding=\"async\" alt=\"\" src=\"http:\/\/0.gravatar.com\/avatar\/97f8e10a1c1125ba104a76514ee07b16?s=150&amp;d=mm&amp;r=g\" srcset=\"http:\/\/0.gravatar.com\/avatar\/97f8e10a1c1125ba104a76514ee07b16?s=300&amp;d=mm&amp;r=g 2x\" class=\"avatar avatar-150 photo\" height=\"150\" width=\"150\"\/><\/a><\/div>\n<\/div>\n<\/div>\n<aside class=\"mashsb-container mashsb-main mashsb-stretched\">\n<\/aside>\n<p>Auteur: L&rsquo;expert<br \/>\n<a href=\"http:\/\/lexpertjournal.net\/fr\/?p=19133\">Cliquez ici pour lire l&rsquo;article depuis sa source.<\/a><\/p>\n","protected":false},"excerpt":{"rendered":"<p>Une c\u00e9r\u00e9monie s\u2019est tenue le 11 mars 2021 au si\u00e8ge du gouvernorat de M\u00e9denine. Elle portait sur la signature du contrat de\u00a0 financement du projet collaboratif entre l\u2019Office de D\u00e9veloppement du Sud (ODS) et le groupement interprofessionnel des produits de p\u00eache (GIPP). Ce projet collaboratif vise \u00e0 contribuer au d\u00e9veloppement de la fili\u00e8re p\u00eache dans [&hellip;]<\/p>\n","protected":false},"author":1775,"featured_media":0,"comment_status":"closed","ping_status":"closed","sticky":false,"template":"","format":"standard","meta":{"fifu_image_url":"https:\/\/i0.wp.com\/www.leconomistemaghrebin.com\/wp-content\/uploads\/2021\/03\/Irada-M\u00e9denine.jpg?resize=696,463","fifu_image_alt":"Irada \u2013 P\u00eache : une subvention de 1,6 MD pour le financement d\u2019un projet \u00e0 M\u00e9denine","footnotes":""},"categories":[78,55],"tags":[],"class_list":["post-112978","post","type-post","status-publish","format-standard","hentry","category-economie","category-tunisie"],"_links":{"self":[{"href":"https:\/\/linitiative.ca\/International\/wp-json\/wp\/v2\/posts\/112978","targetHints":{"allow":["GET"]}}],"collection":[{"href":"https:\/\/linitiative.ca\/International\/wp-json\/wp\/v2\/posts"}],"about":[{"href":"https:\/\/linitiative.ca\/International\/wp-json\/wp\/v2\/types\/post"}],"author":[{"embeddable":true,"href":"https:\/\/linitiative.ca\/International\/wp-json\/wp\/v2\/users\/1775"}],"replies":[{"embeddable":true,"href":"https:\/\/linitiative.ca\/International\/wp-json\/wp\/v2\/comments?post=112978"}],"version-history":[{"count":0,"href":"https:\/\/linitiative.ca\/International\/wp-json\/wp\/v2\/posts\/112978\/revisions"}],"wp:attachment":[{"href":"https:\/\/linitiative.ca\/International\/wp-json\/wp\/v2\/media?parent=112978"}],"wp:term":[{"taxonomy":"category","embeddable":true,"href":"https:\/\/linitiative.ca\/International\/wp-json\/wp\/v2\/categories?post=112978"},{"taxonomy":"post_tag","embeddable":true,"href":"https:\/\/linitiative.ca\/International\/wp-json\/wp\/v2\/tags?post=112978"}],"curies":[{"name":"wp","href":"https:\/\/api.w.org\/{rel}","templated":true}]}}