{"id":112979,"date":"2021-03-12T03:34:00","date_gmt":"2021-03-12T08:34:00","guid":{"rendered":"https:\/\/linitiative.ca\/International\/previsions-meteorologiques-pour-vendredi\/"},"modified":"2021-03-12T03:34:00","modified_gmt":"2021-03-12T08:34:00","slug":"previsions-meteorologiques-pour-vendredi","status":"publish","type":"post","link":"https:\/\/linitiative.ca\/International\/previsions-meteorologiques-pour-vendredi\/","title":{"rendered":"Pr\u00e9visions m\u00e9t\u00e9orologiques pour vendredi"},"content":{"rendered":"<div readability=\"34\">\n<p>Voici les pr\u00e9visions m\u00e9t\u00e9orologiques pour la journ\u00e9e du vendredi 12 mars 2021, \u00e9tablies par la Direction g\u00e9n\u00e9rale de la m\u00e9t\u00e9orologie:<\/p>\n<\/div>\n<div readability=\"65\">\n<p>\u2013 Quelques formations brumeuses sur les c\u00f4tes Nord et Centre.<\/p>\n<p>\u2013 Temps stable et ciel clair \u00e0 peu nuageux.<\/p>\n<p>\u2013 Temps assez froid sur les reliefs, l\u2019Oriental et les Plateaux.<\/p>\n<p>\u2013 Chasses-sable par endroits sur les provinces du Sud.<\/p>\n<p>\u2013 Vent mod\u00e9r\u00e9 de Nord-est sur le Sud et de secteur nord \u00e0 variable ailleurs.<\/p>\n<p>\u2013 Temp\u00e9ratures minimales de l\u2019ordre de -05\/02\u00b0C sur les reliefs, de -01\/06\u00b0C sur l\u2019Oriental, de 02\/07\u00b0C sur le Saiss, le Sud-Est, les plateaux des Phosphates et d\u2019Oulm\u00e8s, 07\/13\u00b0C sur la M\u00e9diterran\u00e9e, les plaines nord et centre et le Souss et de 12\/18\u00b0C sur le Sud.<\/p>\n<p>\u2013 Temp\u00e9ratures maximales de l\u2019ordre de 13\/19\u00b0C sur l\u2019Atlas, 15\/20\u00b0C sur le Rif et l\u2019Oriental, 19\/25\u00b0C sur le Nord et le Centre, 22\/27\u00b0C sur le Souss et le Nord-Est des provinces sud et de 26\/32\u00b0C sur l\u2019Ouest des provinces du Sud.<\/p>\n<p>\u2013 Mer belle \u00e0 peu agit\u00e9e sur la M\u00e9diterran\u00e9e temporairement peu agit\u00e9e \u00e0 agit\u00e9e le soir pr\u00e8s de Nador, peu agit\u00e9e \u00e0 agit\u00e9e temporairement belle \u00e0 peu agit\u00e9e en d\u00e9but de validit\u00e9 sur le D\u00e9troit, agit\u00e9e \u00e0 forte sur les c\u00f4tes atlantiques entre Larache et Cap Ghir et peu agit\u00e9e \u00e0 agit\u00e9e ailleurs.<\/p>\n<\/div>\n<p>Auteur: Mohammed KOURSI<br \/>\n<a href=\"http:\/\/www.mapmarrakech.ma\/fr\/previsions-meteorologiques-pour-vendredi\/\">Cliquez ici pour lire l&rsquo;article depuis sa source.<\/a><\/p>\n","protected":false},"excerpt":{"rendered":"<p>Voici les pr\u00e9visions m\u00e9t\u00e9orologiques pour la journ\u00e9e du vendredi 12 mars 2021, \u00e9tablies par la Direction g\u00e9n\u00e9rale de la m\u00e9t\u00e9orologie: \u2013 Quelques formations brumeuses sur les c\u00f4tes Nord et Centre. \u2013 Temps stable et ciel clair \u00e0 peu nuageux. \u2013 Temps assez froid sur les reliefs, l\u2019Oriental et les Plateaux. \u2013 Chasses-sable par endroits sur [&hellip;]<\/p>\n","protected":false},"author":1788,"featured_media":0,"comment_status":"closed","ping_status":"closed","sticky":false,"template":"","format":"standard","meta":{"fifu_image_url":"","fifu_image_alt":"","footnotes":""},"categories":[54,76],"tags":[],"class_list":["post-112979","post","type-post","status-publish","format-standard","hentry","category-maroc","category-regions"],"_links":{"self":[{"href":"https:\/\/linitiative.ca\/International\/wp-json\/wp\/v2\/posts\/112979","targetHints":{"allow":["GET"]}}],"collection":[{"href":"https:\/\/linitiative.ca\/International\/wp-json\/wp\/v2\/posts"}],"about":[{"href":"https:\/\/linitiative.ca\/International\/wp-json\/wp\/v2\/types\/post"}],"author":[{"embeddable":true,"href":"https:\/\/linitiative.ca\/International\/wp-json\/wp\/v2\/users\/1788"}],"replies":[{"embeddable":true,"href":"https:\/\/linitiative.ca\/International\/wp-json\/wp\/v2\/comments?post=112979"}],"version-history":[{"count":0,"href":"https:\/\/linitiative.ca\/International\/wp-json\/wp\/v2\/posts\/112979\/revisions"}],"wp:attachment":[{"href":"https:\/\/linitiative.ca\/International\/wp-json\/wp\/v2\/media?parent=112979"}],"wp:term":[{"taxonomy":"category","embeddable":true,"href":"https:\/\/linitiative.ca\/International\/wp-json\/wp\/v2\/categories?post=112979"},{"taxonomy":"post_tag","embeddable":true,"href":"https:\/\/linitiative.ca\/International\/wp-json\/wp\/v2\/tags?post=112979"}],"curies":[{"name":"wp","href":"https:\/\/api.w.org\/{rel}","templated":true}]}}