{"id":112980,"date":"2021-03-12T03:58:39","date_gmt":"2021-03-12T08:58:39","guid":{"rendered":"https:\/\/linitiative.ca\/International\/agr-distribution-dequipements-au-profit-danciens-detenus\/"},"modified":"2021-03-12T03:58:39","modified_gmt":"2021-03-12T08:58:39","slug":"agr-distribution-dequipements-au-profit-danciens-detenus","status":"publish","type":"post","link":"https:\/\/linitiative.ca\/International\/agr-distribution-dequipements-au-profit-danciens-detenus\/","title":{"rendered":"AGR: Distribution d\u2019\u00e9quipements au profit d\u2019anciens d\u00e9tenus"},"content":{"rendered":"<div readability=\"37\">\n<p>Bengu\u00e9rir (province de Rehamna)- Quelque 14 anciens d\u00e9tenus issus des provinces de Rehamna, Youssoufia et d\u2019El Kela\u00e2 des Sraghna ont b\u00e9n\u00e9fici\u00e9, jeudi \u00e0 Bengu\u00e9rir, d\u2019\u00e9quipements en soutien \u00e0 des activit\u00e9s g\u00e9n\u00e9ratrices de revenus (AGR).<\/p>\n<\/div>\n<div readability=\"137\">\n<p>D\u2019un co\u00fbt global de 316.607 DH, ces \u00e9quipements ont \u00e9t\u00e9 remis aux b\u00e9n\u00e9ficiaires, en pr\u00e9sence notamment du gouverneur de la province de Rehamna, M. Aziz Bouignane, de certains cadres de la Fondation Mohammed VI pour la r\u00e9insertion des d\u00e9tenus, des \u00e9lus locaux ainsi que d\u2019autres personnalit\u00e9s.<\/p>\n<p>Cette op\u00e9ration visant \u00e0 mettre en \u0153uvre la strat\u00e9gie int\u00e9gr\u00e9e de la r\u00e9insertion socioprofessionnelle et le programme d\u2018appui des projets g\u00e9n\u00e9rateurs de revenus et l\u2019auto-emploi au profit des anciens d\u00e9tenus, s\u2019inscrit dans le cadre de la mise en oeuvre d\u2019une convention de partenariat liant la province de Rehamna et la Fondation Mohammed VI pour la r\u00e9insertion des d\u00e9tenus.<\/p>\n<p>Elle a cibl\u00e9 14 anciens d\u00e9tenus, dont une femme, issus des provinces de Rehamna (7 b\u00e9n\u00e9ficiaires), Youssoufia (3 b\u00e9n\u00e9ficiaires) et El Kela\u00e2 des Sraghna (4 b\u00e9n\u00e9ficiaires).<\/p>\n<p>Quant aux projets port\u00e9s par ces anciens d\u00e9tenus, ils se rapportent au m\u00e9tier de la p\u00e2tisserie (2 projets), de la boulangerie (3 projets), de la couture (1 projet), de la coiffure pour hommes (1 projet), du lavage de v\u00e9hicules (1 projet), de la peinture des b\u00e2timents (1 projet), de l\u2019installation du zellige traditionnel (1 projet), de la sid\u00e9rurgie (1 projet), de la r\u00e9paration des appareils \u00e9lectrom\u00e9nagers (1 projet), de l\u2019entretien\/r\u00e9paration des pneus (1 projet) et de la vente et distribution d\u2019olives (1 projet).<\/p>\n<p>Outre les \u00e9quipements, des aides financi\u00e8res ont \u00e9t\u00e9 \u00e9galement remises \u00e0 ces 14 anciens d\u00e9tenus, qui b\u00e9n\u00e9ficient d\u2019accompagnement dans toutes les \u00e9tapes de conception et de concr\u00e9tisation de ces projets, en collaboration avec les diff\u00e9rents partenaires de la Fondation Mohammed VI pour la r\u00e9insertion des d\u00e9tenus.<\/p>\n<p>A cette occasion, des explications ont \u00e9t\u00e9 fournies \u00e0 M. Bouignane et \u00e0 la d\u00e9l\u00e9gation l\u2019accompagnant, sur le bilan du programme de soutien \u00e0 des AGR au profit des anciens d\u00e9tenus au niveau de la r\u00e9gion Marrakech-Safi et de la province de Rehamna.<\/p>\n<p>Auparavant, le gouverneur avait proc\u00e9d\u00e9 \u00e0 la remise des cl\u00e9s de trois v\u00e9hicules utilitaires au profit de la Gendarmerie Royale acquis par la Province et le Conseil provincial de Rehamna dans le cadre d\u2019une convention de partenariat.<\/p>\n<p>Cette initiative vise \u00e0 appuyer les services de la Gendarmerie Royale dans l\u2019accomplissement de leur mission de pr\u00e9servation de la s\u00e9curit\u00e9 des citoyens et des biens, le maintien de l\u2019ordre public et le respect de la Loi.<\/p>\n<p>Dans une d\u00e9claration \u00e0 la MAP, M. Larbi Eddih, coordonnateur du Centre d\u2019accompagnement et de la r\u00e9insertion \u00e0 Marrakech, relevant de la Fondation Mohammed VI pour la r\u00e9insertion des d\u00e9tenus, a indiqu\u00e9 que cette op\u00e9ration de remise d\u2019\u00e9quipements en soutien \u00e0 des AGR au profit de cette cat\u00e9gorie sociale, s\u2019inscrit dans le cadre du programme, mis en oeuvre \u00a0par la Fondation en collaboration avec ses partenaires, et visant \u00e0 soutenir des AGR au profit d\u2019anciens d\u00e9tenus au titre de 2019-2020.<\/p>\n<p>Dans ce cadre, M. Eddih a fait savoir que ces 14 personnes font partie d\u2019un groupe compos\u00e9 de 39 anciens d\u00e9tenus qui b\u00e9n\u00e9ficieront d\u2019AGR pour un co\u00fbt global de 869.130 DH au titre de l\u2019ann\u00e9e 2021 dans la r\u00e9gion Marrakech-Safi, notant qu\u2019au niveau de la province de Rehamna, quelque 31 anciens d\u00e9tenus ont b\u00e9n\u00e9fici\u00e9, depuis 2018, d\u2019AGR, pour une enveloppe budg\u00e9taire de l\u2019ordre de 686.572 DH.<\/p>\n<p>Depuis 2013, le nombre d\u2019anciens d\u00e9tenus b\u00e9n\u00e9ficiaires de ces AGR au niveau de la r\u00e9gion Marrakech-Safi s\u2019\u00e9l\u00e8ve \u00e0 264 personnes, pour un montant total de 5.600.000 DH.<\/p>\n<p>Depuis sa cr\u00e9ation, la Fondation Mohammed VI pour la R\u00e9insertion des D\u00e9tenus assure un programme d\u2019emploi et d\u2019appui aux micro-projets et des AGR et \u00e0 l\u2019auto-emploi des anciens d\u00e9tenus.<\/p>\n<p>Ce programme consiste \u00e0 apporter un appui financier ou en \u00e9quipements \u00e0 des anciens d\u00e9tenus porteurs d\u2019un projet de vie personnel, \u00e9labor\u00e9 sur la base d\u2019un diagnostic \u00e9tabli pendant la p\u00e9riode de d\u00e9tention avec l\u2019assistance du service de pr\u00e9paration \u00e0 la r\u00e9insertion et aussi \u00e0 travers l\u2019assistance des centres d\u2019accompagnement post-carc\u00e9rale.<\/p>\n<p>En partenariat avec les comit\u00e9s Provinciaux de l\u2019Initiative Nationale pour le D\u00e9veloppement Humain (INDH), la Fondation Mohammed VI pour la R\u00e9insertion des D\u00e9tenus oeuvre pour faire r\u00e9aliser de petites entreprises en vue de l\u2019insertion des b\u00e9n\u00e9ficiaires dans le cadre de l\u2019auto-emploi, parall\u00e8lement au placement au sein de l\u2019entreprise, d\u2019autres b\u00e9n\u00e9ficiaires.<\/p>\n<\/div>\n<p>Auteur: Mohammed KOURSI<br \/>\n<a href=\"http:\/\/www.mapmarrakech.ma\/fr\/agr-distribution-dequipements-au-profit-danciens-detenus\/\">Cliquez ici pour lire l&rsquo;article depuis sa source.<\/a><\/p>\n","protected":false},"excerpt":{"rendered":"<p>Bengu\u00e9rir (province de Rehamna)- Quelque 14 anciens d\u00e9tenus issus des provinces de Rehamna, Youssoufia et d\u2019El Kela\u00e2 des Sraghna ont b\u00e9n\u00e9fici\u00e9, jeudi \u00e0 Bengu\u00e9rir, d\u2019\u00e9quipements en soutien \u00e0 des activit\u00e9s g\u00e9n\u00e9ratrices de revenus (AGR). D\u2019un co\u00fbt global de 316.607 DH, ces \u00e9quipements ont \u00e9t\u00e9 remis aux b\u00e9n\u00e9ficiaires, en pr\u00e9sence notamment du gouverneur de la province [&hellip;]<\/p>\n","protected":false},"author":1788,"featured_media":0,"comment_status":"closed","ping_status":"closed","sticky":false,"template":"","format":"standard","meta":{"fifu_image_url":"","fifu_image_alt":"","footnotes":""},"categories":[54,76],"tags":[],"class_list":["post-112980","post","type-post","status-publish","format-standard","hentry","category-maroc","category-regions"],"_links":{"self":[{"href":"https:\/\/linitiative.ca\/International\/wp-json\/wp\/v2\/posts\/112980","targetHints":{"allow":["GET"]}}],"collection":[{"href":"https:\/\/linitiative.ca\/International\/wp-json\/wp\/v2\/posts"}],"about":[{"href":"https:\/\/linitiative.ca\/International\/wp-json\/wp\/v2\/types\/post"}],"author":[{"embeddable":true,"href":"https:\/\/linitiative.ca\/International\/wp-json\/wp\/v2\/users\/1788"}],"replies":[{"embeddable":true,"href":"https:\/\/linitiative.ca\/International\/wp-json\/wp\/v2\/comments?post=112980"}],"version-history":[{"count":0,"href":"https:\/\/linitiative.ca\/International\/wp-json\/wp\/v2\/posts\/112980\/revisions"}],"wp:attachment":[{"href":"https:\/\/linitiative.ca\/International\/wp-json\/wp\/v2\/media?parent=112980"}],"wp:term":[{"taxonomy":"category","embeddable":true,"href":"https:\/\/linitiative.ca\/International\/wp-json\/wp\/v2\/categories?post=112980"},{"taxonomy":"post_tag","embeddable":true,"href":"https:\/\/linitiative.ca\/International\/wp-json\/wp\/v2\/tags?post=112980"}],"curies":[{"name":"wp","href":"https:\/\/api.w.org\/{rel}","templated":true}]}}