{"id":112982,"date":"2021-03-12T12:36:33","date_gmt":"2021-03-12T17:36:33","guid":{"rendered":"https:\/\/linitiative.ca\/International\/le-canada-reitere-son-soutien-a-laction-dopals-maroc\/"},"modified":"2021-03-12T12:36:33","modified_gmt":"2021-03-12T17:36:33","slug":"le-canada-reitere-son-soutien-a-laction-dopals-maroc","status":"publish","type":"post","link":"https:\/\/linitiative.ca\/International\/le-canada-reitere-son-soutien-a-laction-dopals-maroc\/","title":{"rendered":"Le Canada r\u00e9it\u00e8re son soutien \u00e0 l\u2019action d\u2019OPALS-Maroc"},"content":{"rendered":"<div readability=\"40\">\n<p>Marrakech- L\u2019Ambassadeur du Canada au Maroc, Mme Nell Stewart, a r\u00e9it\u00e9r\u00e9, jeudi, au centre de traitement ambulatoire Kasbah \u00e0 Marrakech, le soutien de son pays pour l\u2019action de l\u2019Organisation Panafricaine de Lutte contre le Sida (OPALS-Maroc) en mati\u00e8re de sant\u00e9 reproductive et de lutte contre les infections sexuellement transmissibles (IST).<\/p>\n<\/div>\n<div readability=\"131\">\n<p>\u00ab\u00a0Nous renouvelons le soutien du\u00a0Canada\u00a0pour l\u2019action d\u2019OPALS en mati\u00e8re de promotion des droits de la sant\u00e9 sexuelle et reproductive pour les plus vuln\u00e9rables et pour les jeunes\u00a0\u00bb, a soulign\u00e9 la diplomate dans une d\u00e9claration \u00e0 la presse, en marge d\u2019une journ\u00e9e portes-ouvertes organis\u00e9e par l\u2019OPALS-Maroc en lien avec le paquet de services offerts \u00e0 ses b\u00e9n\u00e9ficiaires.<\/p>\n<p>\u00ab\u00a0Ce type de partenariat est une fa\u00e7on pour le\u00a0Canada\u00a0de promouvoir les droits \u00e0 la sant\u00e9 sexuelle et reproductive qui sont une des priorit\u00e9s de sa politique d\u2019aide internationale f\u00e9ministe\u00a0\u00bb, a relev\u00e9 Mme Stewart, rappelant la nature multidimensionnelle des droits \u00e0 la sant\u00e9 sexuelle et reproductive et la n\u00e9cessit\u00e9 de les appr\u00e9hender selon une approche ax\u00e9e sur l\u2019\u00e9galit\u00e9 des genres pour r\u00e9duire (\u00e0 d\u00e9faut d\u2019\u00e9liminer) toutes les formes de discrimination et d\u2019exclusion.<\/p>\n<p>Et de saluer le dynamisme de la soci\u00e9t\u00e9 civile marocaine qui constitue, selon la diplomate, \u00ab\u00a0une v\u00e9ritable force pour appuyer les populations les plus vuln\u00e9rables en mati\u00e8re de sant\u00e9 et droits sexuels et reproductifs (SDSR), mais aussi pour faire \u00e9voluer les mentalit\u00e9s sur certaines questions sensibles\u00a0\u00bb.<\/p>\n<p>De son c\u00f4t\u00e9, la pr\u00e9sidente de l\u2019Organisation panafricaine de lutte contre le Sida (OPALS-Maroc), Dr. Nadia Bezad, a remerci\u00e9 les diff\u00e9rents partenaires du projet de \u00ab\u00a0Promotion des Droits \u00e0 la Sant\u00e9 Sexuelle et Reproductive des femmes et des filles et de l\u2019\u00c9galit\u00e9 des genres au Maroc\u00a0\u00bb, mis en \u0153uvre en partenariat avec le minist\u00e8re de la Sant\u00e9, le Fonds des Nations Unies pour la population (FNUAP) et le gouvernement du\u00a0Canada.<\/p>\n<p>\u00ab\u00a0Notre objectif est d\u2019am\u00e9liorer l\u2019acc\u00e8s des femmes les plus vuln\u00e9rables \u00e0 la contraception et la promotion des concepts de la sant\u00e9 sexuelle et reproductive dans les m\u00e9dias\u00a0\u00bb, a expliqu\u00e9 Dr. Bezad, ajoutant que le programme vise \u00e9galement \u00e0 implanter le concept \u00ab\u00a0Self-Care\u00a0\u00bb (les soins auto-administr\u00e9s), qui visent \u00e0 permettre l\u2019acc\u00e8s aux services de sant\u00e9 pour tous, en particulier les populations les plus vuln\u00e9rables.<\/p>\n<p>Pour sa part, la Directrice r\u00e9gionale de la Sant\u00e9 \u00e0 Marrakech-Safi, Dr. Lamia Chakiri, a soulign\u00e9 l\u2019importance de ce programme, d\u2019autant que Marrakech-Safi est parmi les trois r\u00e9gions du Royaume dont le nombre de cas des VIH est tr\u00e8s \u00e9lev\u00e9, avec 21% des cas notifi\u00e9s de tout le pays.<\/p>\n<p>Dans ce sens, Mme Chakiri a not\u00e9 que le programme national de lutte contre les IST\/sida est appliqu\u00e9 au niveau de tous les \u00e9tablissements de soins de sant\u00e9 primaires dans la r\u00e9gion pour assurer la sensibilisation, la pr\u00e9vention et le d\u00e9pistage, ajoutant que la r\u00e9gion Marrakech-Safi dispose de trois centres qui assurent la prise en charge m\u00e9dicale et psychosociale des personnes vivant avec le VIH (PVVIH).<\/p>\n<p>Au cours de cette journ\u00e9e, qui s\u2019est d\u00e9roul\u00e9e dans le respect strict du protocole sanitaire mis en \u0153uvre pour enrayer la propagation de la pand\u00e9mie du nouveau coronavirus (Covid-19), les b\u00e9n\u00e9ficiaires repr\u00e9sentant les populations cl\u00e9s et vuln\u00e9rables ont visit\u00e9 le centre de traitement ambulatoire Kasbah par groupe restreint (15 personnes).<\/p>\n<p>Les b\u00e9n\u00e9ficiaires ont eu droit \u00e0 une s\u00e9ance de sensibilisation et d\u2019information en mati\u00e8re de soins auto-administr\u00e9s (self-care) adopt\u00e9s par le Maroc en septembre 2019, au d\u00e9pistage du VIH, ainsi qu\u2019\u00e0 des conseils en planification familiale et suivi de grossesse, outre la sensibilisation aux mesures d\u2019hygi\u00e8ne et de pr\u00e9vention contre la Covid-19.<\/p>\n<p>Par ailleurs, et au cours de la m\u00eame journ\u00e9e, une s\u00e9ance de sensibilisation et d\u2019information sur la pr\u00e9vention des IST-Sida et les mesures barri\u00e8res de pr\u00e9vention et de lutte contre la Covid-19, a \u00e9t\u00e9 dispens\u00e9e aux jeunes opalsiens, qui constituent un r\u00e9seau national actif via l\u2019application \u00ab\u00a0Quiz Sida\u00a0\u00bb.<\/p>\n<p>L\u2019OPALS-Maroc est une association \u00e0 but non lucratif, reconnue d\u2019utilit\u00e9 publique en 2002. Depuis sa cr\u00e9ation en 1994, elle est engag\u00e9e dans la lutte contre le VIH et le SIDA. Elle offre des services m\u00e9dicaux, psychologiques, juridiques et sociaux \u00e0 travers un r\u00e9seau de volontaires et d\u2019agents communautaires positionn\u00e9s dans les diff\u00e9rents Centres de Traitement Ambulatoires (C-TA), implant\u00e9s dans 11 des 12 r\u00e9gions du Royaume.<\/p>\n<p>Selon le minist\u00e8re de la Sant\u00e9, quelque 21.000 Marocains vivent avec le VIH, un r\u00e9trovirus qui s\u2019attaque aux cellules du syst\u00e8me immunitaire et les d\u00e9truit ou les rend inefficaces. Aux premiers stades de l\u2019infection, le sujet ne pr\u00e9sente pas de sympt\u00f4mes. Cependant, l\u2019\u00e9volution de l\u2019infection entra\u00eene un affaiblissement du syst\u00e8me immunitaire et une vuln\u00e9rabilit\u00e9 accrue aux infections opportunistes. Le SIDA est le dernier stade de l\u2019infection \u00e0 VIH et peut se d\u00e9clarer au bout de 10 \u00e0 15 ans. Les antir\u00e9troviraux permettent de ralentir son \u00e9volution.<\/p>\n<\/div>\n<p>Auteur: Mohammed KOURSI<br \/>\n<a href=\"http:\/\/www.mapmarrakech.ma\/fr\/le-canada-reitere-son-soutien-a-laction-dopals-maroc\/\">Cliquez ici pour lire l&rsquo;article depuis sa source.<\/a><\/p>\n","protected":false},"excerpt":{"rendered":"<p>Marrakech- L\u2019Ambassadeur du Canada au Maroc, Mme Nell Stewart, a r\u00e9it\u00e9r\u00e9, jeudi, au centre de traitement ambulatoire Kasbah \u00e0 Marrakech, le soutien de son pays pour l\u2019action de l\u2019Organisation Panafricaine de Lutte contre le Sida (OPALS-Maroc) en mati\u00e8re de sant\u00e9 reproductive et de lutte contre les infections sexuellement transmissibles (IST). \u00ab\u00a0Nous renouvelons le soutien du\u00a0Canada\u00a0pour [&hellip;]<\/p>\n","protected":false},"author":1788,"featured_media":0,"comment_status":"closed","ping_status":"closed","sticky":false,"template":"","format":"standard","meta":{"fifu_image_url":"","fifu_image_alt":"","footnotes":""},"categories":[54,76],"tags":[],"class_list":["post-112982","post","type-post","status-publish","format-standard","hentry","category-maroc","category-regions"],"_links":{"self":[{"href":"https:\/\/linitiative.ca\/International\/wp-json\/wp\/v2\/posts\/112982","targetHints":{"allow":["GET"]}}],"collection":[{"href":"https:\/\/linitiative.ca\/International\/wp-json\/wp\/v2\/posts"}],"about":[{"href":"https:\/\/linitiative.ca\/International\/wp-json\/wp\/v2\/types\/post"}],"author":[{"embeddable":true,"href":"https:\/\/linitiative.ca\/International\/wp-json\/wp\/v2\/users\/1788"}],"replies":[{"embeddable":true,"href":"https:\/\/linitiative.ca\/International\/wp-json\/wp\/v2\/comments?post=112982"}],"version-history":[{"count":0,"href":"https:\/\/linitiative.ca\/International\/wp-json\/wp\/v2\/posts\/112982\/revisions"}],"wp:attachment":[{"href":"https:\/\/linitiative.ca\/International\/wp-json\/wp\/v2\/media?parent=112982"}],"wp:term":[{"taxonomy":"category","embeddable":true,"href":"https:\/\/linitiative.ca\/International\/wp-json\/wp\/v2\/categories?post=112982"},{"taxonomy":"post_tag","embeddable":true,"href":"https:\/\/linitiative.ca\/International\/wp-json\/wp\/v2\/tags?post=112982"}],"curies":[{"name":"wp","href":"https:\/\/api.w.org\/{rel}","templated":true}]}}