{"id":112984,"date":"2021-03-12T11:13:55","date_gmt":"2021-03-12T16:13:55","guid":{"rendered":"https:\/\/linitiative.ca\/International\/maroc-japon-signature-dun-memorandum-de-cooperation-dans-les-domaines-relatifs-a-lamenagement-du-territoire\/"},"modified":"2021-03-12T11:13:55","modified_gmt":"2021-03-12T16:13:55","slug":"maroc-japon-signature-dun-memorandum-de-cooperation-dans-les-domaines-relatifs-a-lamenagement-du-territoire","status":"publish","type":"post","link":"https:\/\/linitiative.ca\/International\/maroc-japon-signature-dun-memorandum-de-cooperation-dans-les-domaines-relatifs-a-lamenagement-du-territoire\/","title":{"rendered":"Maroc-Japon: Signature d\u2019un M\u00e9morandum de coop\u00e9ration dans les domaines relatifs \u00e0 l\u2019am\u00e9nagement du territoire"},"content":{"rendered":"<p class=\"c4\">Le Maroc et le Japon ont\u00a0sign\u00e9,\u00a0vendredi \u00e0 Rabat, par visioconf\u00e9rence, un M\u00e9morandum de coop\u00e9ration dans les\u00a0domaines de l\u2019am\u00e9nagement du territoire, de l\u2019urbanisme, de l\u2019infrastructure\u00a0et de l\u2019investissement.<\/p>\n<p class=\"c4\">Ce partenariat, sign\u00e9 par la ministre de l\u2019Am\u00e9nagement du Territoire\u00a0National, de l\u2019Urbanisme, de l\u2019Habitat et de la Politique de la Ville, Nouzha Bouchareb et le ministre japonais de l\u2019Am\u00e9nagement du Territoire, de l\u2019Infrastructure, du\u00a0Transport et du Tourisme, Iwai Shigeki, favorisera le partage, le\u00a0transfert de l\u2019expertise, le renforcement des capacit\u00e9s ainsi que les bonnes\u00a0pratiques dans les champs de la planification et de la promotion des politiques\u00a0publiques ayant trait \u00e0 l\u2019am\u00e9nagement et l\u2019infrastructure.<\/p>\n<p class=\"c4\">Sign\u00e9 en pr\u00e9sence de l\u2019Ambassadeur du Japon au Maroc,\u00a0Takashi Shinozuka, ce m\u00e9morandum est le premier accord sign\u00e9 par\u00a0le minist\u00e8re avec ce pays et devra se concr\u00e9tiser \u00e0 travers des actions portant sur les axes prioritaires, \u00e0\u00a0savoir la m\u00e9tropolisation, la r\u00e9silience urbaine et la gestion des risques dans\u00a0les villes, la digitalisation et les m\u00e9tiers de veille et d\u2019observation, la\u00a0connectivit\u00e9 et la comp\u00e9titivit\u00e9 des territoires ainsi que la mobilit\u00e9 et les\u00a0d\u00e9placements urbains.<\/p>\n<p class=\"c4\">Cette c\u00e9r\u00e9monie officielle a \u00e9t\u00e9 organis\u00e9e en marge d\u2019une conf\u00e9rence\u00a0internationale\u00a0organis\u00e9e par le minist\u00e8re japonais d\u2019Etat aux Territoires, Infrastructures, Transport et du Tourisme sous le th\u00e8me : \u00ab\u00a0les infrastructures de haute\u00a0qualit\u00e9 et urbanisme\u00a0\u00bb, articul\u00e9e autour de plusieurs axes strat\u00e9giques tels\u00a0que la politique urbaine, l\u2019infrastructure, l\u2019eau et le Partenariat Public-Priv\u00e9.<\/p>\n<p class=\"c4\">S\u2019exprimant \u00e0 cette occasion, Mme Bouchareb a indiqu\u00e9 qu\u2019il s\u2019agit d\u2019une aspiration collective que son d\u00e9partement ambitionne de concr\u00e9tiser \u00e0 travers la mise en place de cette coop\u00e9ration bilat\u00e9rale et la mobilisation d\u2019expertise pointue autour de d\u00e9marches innovantes pour r\u00e9pondre aux d\u00e9fis urbains actuels et pour construire les territoires de demain.<\/p>\n<p class=\"c4\">A cet \u00e9gard, la ministre a\u00a0soulign\u00e9 l\u2019enti\u00e8re disposition de son D\u00e9partement \u00e0 \u00e9largir le champ de ce partenariat vers une coop\u00e9ration triangulaire en faveur des pays du continent africain, prenant en consid\u00e9ration le positionnement du Maroc en tant que socle de convergence entre l\u2019Afrique, l\u2019Europe, l\u2019Asie et les pays du monde arabe.<\/p>\n<p class=\"c4\">\u00ab\u00a0Je suis convaincue que les conclusions issues de cette conf\u00e9rence permettront sans aucun doute d\u2019insuffler une nouvelle dynamique \u00e0 la coop\u00e9ration entre le Maroc et le Japon, permettant d\u2019asseoir les bases d\u2019un d\u00e9veloppement urbain r\u00e9silient et durable pla\u00e7ant l\u2019humain au c\u0153ur des politiques et de l\u2019action\u00a0\u00bb, a-t-elle fait valoir.<\/p>\n<p class=\"c4\">Rappelant que l\u2019histoire de la coop\u00e9ration marocco-japonaise remonte \u00e0 plus de cinquante ans, Mme Bouchareb a relev\u00e9 qu\u2019elle a \u00e9t\u00e9 renforc\u00e9e sous le r\u00e8gne de Sa Majest\u00e9 le Roi Mohamed VI \u00e0 travers la tenue de la 5\u00e8 session de la commission mixte Maroc-Japon \u00e0 Rabat en janvier 2020, qui s\u2019est sold\u00e9e par la signature d\u2019un accord important visant le soutien et la protection de l\u2019investissement ainsi qu\u2019une convention fiscale.<\/p>\n<p class=\"c4\">Conscient de cette coop\u00e9ration agissante et solidaire, le Maroc a concr\u00e9tis\u00e9 ce partenariat dans de nombreux secteurs, a-t-elle soulign\u00e9, notant que cette coop\u00e9ration doit \u00eatre aujourd\u2019hui renforc\u00e9e \u00e0 l\u2019\u00e9chelle des territoires qui constituent le socle et le r\u00e9ceptacle des diff\u00e9rentes infrastructures, programmes et strat\u00e9gies.<\/p>\n<p class=\"c4\">Saluant\u00a0le soutien financier du Japon au Maroc pendant la crise sanitaire\u00a0qui a impos\u00e9 plusieurs d\u00e9fis et imp\u00e9ratifs, la ministre a soulign\u00e9 que les territoires sont appel\u00e9s \u00e0 \u00eatre g\u00e9r\u00e9s avec une vision et une approche r\u00e9nov\u00e9e de la planification \u00e0 travers le renforcement de la r\u00e9silience, la transformation num\u00e9rique des territoires et l\u2019innovation dans les modes de conception et de production.<\/p>\n<p class=\"c4\">Dans une d\u00e9claration \u00e0 la presse, Mme Bouchareb a indiqu\u00e9 que ce M\u00e9morandum s\u2019inscrit dans le cadre de la mise en \u0153uvre des Hautes Orientations de Sa Majest\u00e9 le Roi Mohamed VI visant l\u2019encouragement de l\u2019\u00e9change et du transfert de technologie et d\u2019expertise entre le Maroc et le Japon, ajoutant que ce partenariat concernera essentiellement les domaines de la planification territoriale, de l\u2019urbanisme et de l\u2019investissement notamment dans le secteur de la construction.<\/p>\n<p class=\"c4\">\u00ab\u00a0C\u2019est une occasion d\u2019explorer de nouveaux horizons de la coop\u00e9ration triangulaire en faveur du renforcement du d\u00e9veloppement urbain du continent africain\u00a0\u00bb, a-t-elle fait valoir.<\/p>\n<p class=\"c4\">Par ailleurs, la ministre a formul\u00e9 le v\u0153u\u00a0que ce partenariat de port\u00e9e\u00a0strat\u00e9gique puisse renforcer les \u00e9changes et favoriser le\u00a0transfert de technologie et d\u2019expertise dans les domaines de la\u00a0planification territoriale, dont les syst\u00e8mes ont \u00e9t\u00e9 mis \u00e0 rude\u00a0\u00e9preuve \u00e0 la suite de la pand\u00e9mie, de la pr\u00e9vention et la gestion\u00a0des risques en vue de renforcer la r\u00e9silience des territoires en\u00a0tant que nouvel imp\u00e9ratif de d\u00e9veloppement, de l\u2019ing\u00e9nierie\u00a0num\u00e9rique, de la data urbaine et de la digitalisation BIM en tant\u00a0que leviers de transformation de l\u2019action publique et de\u00a0l\u2019industrialisation de la construction en vue de r\u00e9pondre aux\u00a0besoins de logements abordables.<\/p>\n<p class=\"c4\">Ont pris part \u00e0 cette visioconf\u00e9rence le ministre de l\u2019\u00c9quipement, du Transport, de la Logistique et de l\u2019Eau,\u00a0Abdelkader Amara, le ministre d\u00e9l\u00e9gu\u00e9 japonais pour les Projets internationaux, le\u00a0Pr\u00e9sident de l\u2019Association japonaise pour le d\u00e9veloppement des infrastructures\u00a0en Afrique (JAIDA), le\u00a0Pr\u00e9sident du Conseil d\u2019Administration de Shimizu\u00a0Corporation, le Pr\u00e9sident et PDG de Fujita Corporation ainsi que des\u00a0repr\u00e9sentants des soci\u00e9t\u00e9s publiques et priv\u00e9es marocaines et japonaises, des repr\u00e9sentants de l\u2019Agence Japonaise de Coop\u00e9ration Internationale (JICA) et de hauts responsables des deux pays.<\/p>\n<p>Auteur: Soufiane ELAHMAR<br \/>\n<a href=\"http:\/\/www.mapoujda.ma\/fr\/maroc-japon-signature-dun-memorandum-de-cooperation-dans-les-domaines-relatifs-a-lamenagement-du-territoire\/\">Cliquez ici pour lire l&rsquo;article depuis sa source.<\/a><\/p>\n","protected":false},"excerpt":{"rendered":"<p>Le Maroc et le Japon ont\u00a0sign\u00e9,\u00a0vendredi \u00e0 Rabat, par visioconf\u00e9rence, un M\u00e9morandum de coop\u00e9ration dans les\u00a0domaines de l\u2019am\u00e9nagement du territoire, de l\u2019urbanisme, de l\u2019infrastructure\u00a0et de l\u2019investissement. Ce partenariat, sign\u00e9 par la ministre de l\u2019Am\u00e9nagement du Territoire\u00a0National, de l\u2019Urbanisme, de l\u2019Habitat et de la Politique de la Ville, Nouzha Bouchareb et le ministre japonais de l\u2019Am\u00e9nagement [&hellip;]<\/p>\n","protected":false},"author":1788,"featured_media":0,"comment_status":"closed","ping_status":"closed","sticky":false,"template":"","format":"standard","meta":{"fifu_image_url":"","fifu_image_alt":"","footnotes":""},"categories":[54,76],"tags":[],"class_list":["post-112984","post","type-post","status-publish","format-standard","hentry","category-maroc","category-regions"],"_links":{"self":[{"href":"https:\/\/linitiative.ca\/International\/wp-json\/wp\/v2\/posts\/112984","targetHints":{"allow":["GET"]}}],"collection":[{"href":"https:\/\/linitiative.ca\/International\/wp-json\/wp\/v2\/posts"}],"about":[{"href":"https:\/\/linitiative.ca\/International\/wp-json\/wp\/v2\/types\/post"}],"author":[{"embeddable":true,"href":"https:\/\/linitiative.ca\/International\/wp-json\/wp\/v2\/users\/1788"}],"replies":[{"embeddable":true,"href":"https:\/\/linitiative.ca\/International\/wp-json\/wp\/v2\/comments?post=112984"}],"version-history":[{"count":0,"href":"https:\/\/linitiative.ca\/International\/wp-json\/wp\/v2\/posts\/112984\/revisions"}],"wp:attachment":[{"href":"https:\/\/linitiative.ca\/International\/wp-json\/wp\/v2\/media?parent=112984"}],"wp:term":[{"taxonomy":"category","embeddable":true,"href":"https:\/\/linitiative.ca\/International\/wp-json\/wp\/v2\/categories?post=112984"},{"taxonomy":"post_tag","embeddable":true,"href":"https:\/\/linitiative.ca\/International\/wp-json\/wp\/v2\/tags?post=112984"}],"curies":[{"name":"wp","href":"https:\/\/api.w.org\/{rel}","templated":true}]}}