{"id":112987,"date":"2021-03-12T09:25:26","date_gmt":"2021-03-12T14:25:26","guid":{"rendered":"https:\/\/linitiative.ca\/International\/tourisme-fes-veut-seduire-les-touristes-de-la-corse\/"},"modified":"2021-03-12T09:25:26","modified_gmt":"2021-03-12T14:25:26","slug":"tourisme-fes-veut-seduire-les-touristes-de-la-corse","status":"publish","type":"post","link":"https:\/\/linitiative.ca\/International\/tourisme-fes-veut-seduire-les-touristes-de-la-corse\/","title":{"rendered":"Tourisme: F\u00e8s veut s\u00e9duire les touristes de la Corse"},"content":{"rendered":"<p class=\"rtejustify\">Dans le cadre de la pr\u00e9paration de la relance du secteur du tourisme, le si\u00e8ge de la wilaya de F\u00e8s-Mekn\u00e8s a abrit\u00e9, mercredi 10 mars 2021, une rencontre \u00e0 l&rsquo;initiative du Wali de la r\u00e9gion, Essa\u00efd Zniber.<\/p>\n<p class=\"rtejustify\">La r\u00e9union qui s&rsquo;est tenue en pr\u00e9sence notamment du directeur de RadioFrance, Franck Lidon, \u00e9tait l&rsquo;occasion de pr\u00e9senter le potentiel touristique de la r\u00e9gion de la Corse (France) qui compte plus de 35.000 ressortissants Marocains. Et on leur promet un voyage dans le temps \u00e0 travers les m\u00e9dinas de F\u00e8s et Mekn\u00e8s, ou encore Volubilis, des excursions dans des sites naturels (Ifrane, Azrou, Sefrou, et El Hajeb), et une gastronomie typique. Ils peuvent aussi venir assister aux manifestations culturelles de renomm\u00e9e internationale tel le Festival de F\u00e8s des musiques sacr\u00e9es du monde. \u00ab\u00a0Avec l&rsquo;arriv\u00e9e des nouvelles dessertes a\u00e9riennes pr\u00e9vues pour le printemps-\u00e9t\u00e9 de cette ann\u00e9e, la destination de F\u00e8s pourrait s\u00e9duire la client\u00e8le de la Corse\u00a0\u00bb, souhaite Yassir Jawhar, pr\u00e9sident-d\u00e9l\u00e9gu\u00e9 du Conseil r\u00e9gional du tourisme (CRT de F\u00e8s).<\/p>\n<p class=\"rtejustify\">\u00ab\u00a0Pour promouvoir notre destination sur ce march\u00e9, nous comptons sur l&rsquo;appui des m\u00e9dias en mati\u00e8re d&rsquo;op\u00e9rations promotionnelles cibl\u00e9es, les acteurs associatifs afin de fructifier les \u00e9changes culturels, les universitaires pour une future collaboration scientifique, et les repr\u00e9sentants du Patronat pour booster la coop\u00e9ration \u00e9conomique\u00a0\u00bb, ajoute Jawhar. D&rsquo;ailleurs, ce n&rsquo;est pas fortuit si la r\u00e9union de ce 10 mars s&rsquo;est d\u00e9roul\u00e9e avec la participation des pr\u00e9sidents des universit\u00e9s UEMF, USMBA, Al Akhawayn, et Al Quaraouiyyine, ainsi que les responsables de la Fondation Esprit de F\u00e8s et l&rsquo;Association F\u00e8s-Sa\u00efss, sans oublier le DG du Centre r\u00e9gional d\u2019investissement F\u00e8s-Mekn\u00e8s, le pr\u00e9sident d\u00e9l\u00e9gu\u00e9 du CRT, le pr\u00e9sident d\u00e9l\u00e9gu\u00e9 de la CGEM F\u00e8s-Taza, le directeurde l&rsquo;a\u00e9roportF\u00e8s-Sa\u00efss et le d\u00e9l\u00e9gu\u00e9 du tourisme.<\/p>\n<p class=\"rtejustify\">Ces derniers ont pr\u00e9sent\u00e9 la capacit\u00e9 aeroportuaire et le produit touristique r\u00e9gional. Tous les intervenants \u00e9taient unanimes quant \u00e0 la promotion des \u00e9changes entre la capitale spirituelle et la Corse. Rappelons \u00e0 cet \u00e9gard que la compagnie Transavia a annonc\u00e9 l&rsquo;ouverture d&rsquo;une ligne entre Bastia et F\u00e8s. La filiale low-cost d\u2019Air France-KLM a soulign\u00e9 que la mise en place de cette ligne a\u00e9rienne vise \u00e0 permettre aux voyageurs de retrouver leurs proches au Maroc.<\/p>\n<p class=\"rtejustify\">Programm\u00e9 \u00e0 partir du 3 juillet 2021, ce vol connectera pour la premi\u00e8re fois la Corse et le Maroc. Il sera op\u00e9rer de et vers l\u2019a\u00e9roport de Bastia-Poretta &#8211; F\u00e8s-Sa\u00efss avec un vol par semaine (le samedi) \u00e0 partir de 54\u20ac TTC l\u2019aller simple.<\/p>\n<p class=\"rtejustify\"><em>Y.S.A<\/em><\/p>\n<p>Auteur: mbasraoui<br \/>\n<a href=\"https:\/\/www.leconomiste.com\/flash-infos\/tourisme-fes-veut-seduire-les-touristes-de-la-corse\">Cliquez ici pour lire l&rsquo;article depuis sa source.<\/a><\/p>\n","protected":false},"excerpt":{"rendered":"<p>Dans le cadre de la pr\u00e9paration de la relance du secteur du tourisme, le si\u00e8ge de la wilaya de F\u00e8s-Mekn\u00e8s a abrit\u00e9, mercredi 10 mars 2021, une rencontre \u00e0 l&rsquo;initiative du Wali de la r\u00e9gion, Essa\u00efd Zniber. La r\u00e9union qui s&rsquo;est tenue en pr\u00e9sence notamment du directeur de RadioFrance, Franck Lidon, \u00e9tait l&rsquo;occasion de pr\u00e9senter [&hellip;]<\/p>\n","protected":false},"author":1763,"featured_media":0,"comment_status":"closed","ping_status":"closed","sticky":false,"template":"","format":"standard","meta":{"fifu_image_url":"","fifu_image_alt":"","footnotes":""},"categories":[78,54],"tags":[],"class_list":["post-112987","post","type-post","status-publish","format-standard","hentry","category-economie","category-maroc"],"_links":{"self":[{"href":"https:\/\/linitiative.ca\/International\/wp-json\/wp\/v2\/posts\/112987","targetHints":{"allow":["GET"]}}],"collection":[{"href":"https:\/\/linitiative.ca\/International\/wp-json\/wp\/v2\/posts"}],"about":[{"href":"https:\/\/linitiative.ca\/International\/wp-json\/wp\/v2\/types\/post"}],"author":[{"embeddable":true,"href":"https:\/\/linitiative.ca\/International\/wp-json\/wp\/v2\/users\/1763"}],"replies":[{"embeddable":true,"href":"https:\/\/linitiative.ca\/International\/wp-json\/wp\/v2\/comments?post=112987"}],"version-history":[{"count":0,"href":"https:\/\/linitiative.ca\/International\/wp-json\/wp\/v2\/posts\/112987\/revisions"}],"wp:attachment":[{"href":"https:\/\/linitiative.ca\/International\/wp-json\/wp\/v2\/media?parent=112987"}],"wp:term":[{"taxonomy":"category","embeddable":true,"href":"https:\/\/linitiative.ca\/International\/wp-json\/wp\/v2\/categories?post=112987"},{"taxonomy":"post_tag","embeddable":true,"href":"https:\/\/linitiative.ca\/International\/wp-json\/wp\/v2\/tags?post=112987"}],"curies":[{"name":"wp","href":"https:\/\/api.w.org\/{rel}","templated":true}]}}