{"id":112989,"date":"2021-03-12T12:21:23","date_gmt":"2021-03-12T17:21:23","guid":{"rendered":"https:\/\/linitiative.ca\/International\/covid19-416-millions-de-personnes-vaccinees\/"},"modified":"2021-03-12T12:21:23","modified_gmt":"2021-03-12T17:21:23","slug":"covid19-416-millions-de-personnes-vaccinees","status":"publish","type":"post","link":"https:\/\/linitiative.ca\/International\/covid19-416-millions-de-personnes-vaccinees\/","title":{"rendered":"Covid19: 4,16 millions de personnes vaccin\u00e9es"},"content":{"rendered":"<p class=\"rtejustify\">Le Maroc a enregistr\u00e9 <strong><span class=\"c4\">431\u00a0<\/span><\/strong>nouveaux cas de Covid19 durant les derni\u00e8res 24 heures, ce qui porte le total \u00e0 <strong><span class=\"c4\">488.181\u00a0<\/span><\/strong>cas confirm\u00e9s, d&rsquo;apr\u00e8s le nouveau bilan du minist\u00e8re de la Sant\u00e9 de ce vendredi 12\u00a0mars 2021. Le nombre total de personnes vaccin\u00e9es se chiffre \u00e0 <strong><span class=\"c4\">4.169.133\u00a0<\/span><\/strong>indique le minist\u00e8re.\u00a0<span class=\"c4\">1.224.959\u00a0<\/span>personnes ont pris leur 2e dose.<\/p>\n<p class=\"rtejustify\">Casablanca-Settat a enregistr\u00e9\u00a0<strong><span class=\"c4\">282\u00a0<\/span><\/strong>nouveaux cas, alors que la r\u00e9gion de l&rsquo;<span class=\"c4\">Oriental<\/span> en compte <strong><span class=\"c4\">30<\/span><\/strong>. Au total, <strong><span class=\"c4\">13.082\u00a0<\/span><\/strong>nouveaux tests ont \u00e9t\u00e9 r\u00e9alis\u00e9s.<\/p>\n<p class=\"rtejustify\">Quant au nombre de d\u00e9c\u00e8s, il s&rsquo;\u00e9tablit \u00e0 <span class=\"c4\"><strong>8.716<\/strong> ;\u00a0<\/span>soit <strong>4\u00a0<\/strong>d\u00e9c\u00e8s de plus en 24 heures (taux de l\u00e9talit\u00e9 1,8%), alors que <strong><span class=\"c4\">681\u00a0<\/span><\/strong>nouvelles gu\u00e9risons ont \u00e9t\u00e9 recens\u00e9es, soit au total <strong><span class=\"c4\">474.938\u00a0<\/span><\/strong>(taux de gu\u00e9rison 97,3%). Le nombre de cas encore actifs atteint\u00a0<strong><span class=\"c4\">4. 527<\/span><\/strong>, dont <strong><span class=\"c4\">398\u00a0<\/span><\/strong>s\u00e9v\u00e8res. Parmi ces derniers, <strong><span class=\"c4\">21\u00a0<\/span><\/strong>sont sous intubation, alors que <strong><span class=\"c4\">224\u00a0<\/span><\/strong>sont sous ventilation non invasive.<\/p>\n<p class=\"rtejustify\">Par ailleurs, le taux d&rsquo;occupation des lits d\u00e9di\u00e9s au Covid-19 atteint <strong>12,6<\/strong><strong>%<\/strong>.<\/p>\n<blockquote readability=\"4.75\">\n<p class=\"rtejustify\"><strong>Pour plus de d\u00e9tails, voir l&rsquo;\u00e9volution en temps r\u00e9el de l&rsquo;\u00e9pid\u00e9mie sur <a href=\"https:\/\/www.leconomiste.com\/covid19\/\">https:\/\/www.leconomiste.com\/covid19\/<\/a><\/strong><\/p>\n<\/blockquote>\n<p>Auteur: mbasraoui<br \/>\n<a href=\"https:\/\/www.leconomiste.com\/flash-infos\/covid19-4-13-millions-de-personnes-vaccinees-0\">Cliquez ici pour lire l&rsquo;article depuis sa source.<\/a><\/p>\n","protected":false},"excerpt":{"rendered":"<p>Le Maroc a enregistr\u00e9 431\u00a0nouveaux cas de Covid19 durant les derni\u00e8res 24 heures, ce qui porte le total \u00e0 488.181\u00a0cas confirm\u00e9s, d&rsquo;apr\u00e8s le nouveau bilan du minist\u00e8re de la Sant\u00e9 de ce vendredi 12\u00a0mars 2021. Le nombre total de personnes vaccin\u00e9es se chiffre \u00e0 4.169.133\u00a0indique le minist\u00e8re.\u00a01.224.959\u00a0personnes ont pris leur 2e dose. Casablanca-Settat a enregistr\u00e9\u00a0282\u00a0nouveaux [&hellip;]<\/p>\n","protected":false},"author":1763,"featured_media":0,"comment_status":"closed","ping_status":"closed","sticky":false,"template":"","format":"standard","meta":{"fifu_image_url":"","fifu_image_alt":"","footnotes":""},"categories":[78,54],"tags":[],"class_list":["post-112989","post","type-post","status-publish","format-standard","hentry","category-economie","category-maroc"],"_links":{"self":[{"href":"https:\/\/linitiative.ca\/International\/wp-json\/wp\/v2\/posts\/112989","targetHints":{"allow":["GET"]}}],"collection":[{"href":"https:\/\/linitiative.ca\/International\/wp-json\/wp\/v2\/posts"}],"about":[{"href":"https:\/\/linitiative.ca\/International\/wp-json\/wp\/v2\/types\/post"}],"author":[{"embeddable":true,"href":"https:\/\/linitiative.ca\/International\/wp-json\/wp\/v2\/users\/1763"}],"replies":[{"embeddable":true,"href":"https:\/\/linitiative.ca\/International\/wp-json\/wp\/v2\/comments?post=112989"}],"version-history":[{"count":0,"href":"https:\/\/linitiative.ca\/International\/wp-json\/wp\/v2\/posts\/112989\/revisions"}],"wp:attachment":[{"href":"https:\/\/linitiative.ca\/International\/wp-json\/wp\/v2\/media?parent=112989"}],"wp:term":[{"taxonomy":"category","embeddable":true,"href":"https:\/\/linitiative.ca\/International\/wp-json\/wp\/v2\/categories?post=112989"},{"taxonomy":"post_tag","embeddable":true,"href":"https:\/\/linitiative.ca\/International\/wp-json\/wp\/v2\/tags?post=112989"}],"curies":[{"name":"wp","href":"https:\/\/api.w.org\/{rel}","templated":true}]}}