{"id":112990,"date":"2021-03-12T15:14:20","date_gmt":"2021-03-12T20:14:20","guid":{"rendered":"https:\/\/linitiative.ca\/International\/international-naples-fixe-un-prix-de-depart-pour-fabian-ruiz\/"},"modified":"2021-03-12T15:14:20","modified_gmt":"2021-03-12T20:14:20","slug":"international-naples-fixe-un-prix-de-depart-pour-fabian-ruiz","status":"publish","type":"post","link":"https:\/\/linitiative.ca\/International\/international-naples-fixe-un-prix-de-depart-pour-fabian-ruiz\/","title":{"rendered":"International : Naples fixe un prix de d\u00e9part pour Fabian Ruiz"},"content":{"rendered":"<div readability=\"32\">\n<p>Auteur : <span class=\"time\">vendredi 12 mars 2021 18:00<\/span><\/p>\n<\/div>\n<div id=\"post_core\" readability=\"41\">\n<p>Si des clubs comme le Paris Saint-Germain, la Juventus Turin ou encore le Real Madrid se seraient renseign\u00e9s, le joueur aurait une pr\u00e9f\u00e9rence pour un retour en Liga. Du c\u00f4t\u00e9 des Napolitains, on ne serait pas contre de le laisser filer mais pas \u00e0 n\u2019importe quel prix comme nous le r\u00e9v\u00e8le Les-Transferts. Auteur de deux buts et une passe d\u00e9cisive en 29 rencontres toutes comp\u00e9titions confondue, l\u2019international ib\u00e9rique serait estim\u00e9 \u00e0 50 millions d\u2019euros par ses dirigeants.<\/p>\n<p><strong>Publi\u00e9 dans :<\/strong> <span>Naples<\/span> <span>Fabian Ruiz<\/span><\/p>\n<\/div>\n<p>Auteur:<br \/>\n<a href=\"http:\/\/www.lebuteur.com\/article\/detail?titre=naples-fixe-un-prix-de-depart-pour-fabian-ruiz&#038;id=99367&#038;utm_source=feedburner&#038;utm_medium=feed&#038;utm_campaign=Feed%3A+GalerieFArtciles+%28Les+derniers+articles++-+lebuteur.com%29\">Cliquez ici pour lire l&rsquo;article depuis sa source.<\/a><\/p>\n","protected":false},"excerpt":{"rendered":"<p>Auteur : vendredi 12 mars 2021 18:00 Si des clubs comme le Paris Saint-Germain, la Juventus Turin ou encore le Real Madrid se seraient renseign\u00e9s, le joueur aurait une pr\u00e9f\u00e9rence pour un retour en Liga. Du c\u00f4t\u00e9 des Napolitains, on ne serait pas contre de le laisser filer mais pas \u00e0 n\u2019importe quel prix comme [&hellip;]<\/p>\n","protected":false},"author":1738,"featured_media":0,"comment_status":"closed","ping_status":"closed","sticky":false,"template":"","format":"standard","meta":{"fifu_image_url":"\/\/cdn.lebuteur.com\/data\/images\/article\/thumbs\/large-99367naples-fixe-un-prix-de-depart-pour-fabian-ruiz-2307a.jpg","fifu_image_alt":"International : Naples fixe un prix de d\u00e9part pour Fabian Ruiz","footnotes":""},"categories":[53,75],"tags":[],"class_list":["post-112990","post","type-post","status-publish","format-standard","hentry","category-algerie","category-sport"],"_links":{"self":[{"href":"https:\/\/linitiative.ca\/International\/wp-json\/wp\/v2\/posts\/112990","targetHints":{"allow":["GET"]}}],"collection":[{"href":"https:\/\/linitiative.ca\/International\/wp-json\/wp\/v2\/posts"}],"about":[{"href":"https:\/\/linitiative.ca\/International\/wp-json\/wp\/v2\/types\/post"}],"author":[{"embeddable":true,"href":"https:\/\/linitiative.ca\/International\/wp-json\/wp\/v2\/users\/1738"}],"replies":[{"embeddable":true,"href":"https:\/\/linitiative.ca\/International\/wp-json\/wp\/v2\/comments?post=112990"}],"version-history":[{"count":0,"href":"https:\/\/linitiative.ca\/International\/wp-json\/wp\/v2\/posts\/112990\/revisions"}],"wp:attachment":[{"href":"https:\/\/linitiative.ca\/International\/wp-json\/wp\/v2\/media?parent=112990"}],"wp:term":[{"taxonomy":"category","embeddable":true,"href":"https:\/\/linitiative.ca\/International\/wp-json\/wp\/v2\/categories?post=112990"},{"taxonomy":"post_tag","embeddable":true,"href":"https:\/\/linitiative.ca\/International\/wp-json\/wp\/v2\/tags?post=112990"}],"curies":[{"name":"wp","href":"https:\/\/api.w.org\/{rel}","templated":true}]}}