{"id":112992,"date":"2021-03-12T15:14:24","date_gmt":"2021-03-12T20:14:24","guid":{"rendered":"https:\/\/linitiative.ca\/International\/pros-nimes-le-dementi-de-ferhat-concernant-les-informations-sur-son-avenir\/"},"modified":"2021-03-12T15:14:24","modified_gmt":"2021-03-12T20:14:24","slug":"pros-nimes-le-dementi-de-ferhat-concernant-les-informations-sur-son-avenir","status":"publish","type":"post","link":"https:\/\/linitiative.ca\/International\/pros-nimes-le-dementi-de-ferhat-concernant-les-informations-sur-son-avenir\/","title":{"rendered":"Pros : N\u00eemes : Le d\u00e9menti de Ferhat concernant les informations sur son avenir"},"content":{"rendered":"<div readability=\"32\">\n<p>Auteur : <span class=\"time\">vendredi 12 mars 2021 19:41<\/span><\/p>\n<\/div>\n<div id=\"post_core\" readability=\"44\">\n<p>\u00ab\u00a0Je joue actuellement ma deuxi\u00e8me saison avec le N\u00eemes Olympique, \u00e7a sera ma derni\u00e8re avant de quitter le club que je souhaite maintenir en Ligue 1.\u00a0\u00bb Tels \u00e9taient les propos de Zinedine Ferhat au micro de BeIn Sports r\u00e9cemment concernant son avenir, alors que son contrat avec les Crocos se termine en juin 2022 comme l&rsquo;indique Football. Des propos qui ne sont pas pass\u00e9s inaper\u00e7us mais via son compte Instagram, le milieu alg\u00e9rien a fait une petite mise au point :<\/p>\n<p>\u00ab\u00a0Je tiens \u00e0 d\u00e9mentir formellement les informations provenant de certains m\u00e9dias \u00e9trangers et fran\u00e7ais concernant mon avenir au sein de mon club, le N\u00eemes Olympique. Je suis concentr\u00e9 \u00e0 100% sur l&rsquo;objectif du maintien en Ligue 1\u00a0\u00bb, a \u00e9crit le Fennec aux 11 s\u00e9lections dans sa story.<\/p>\n<p><strong>Publi\u00e9 dans :<\/strong> <span>ferhat<\/span><\/p>\n<\/div>\n<p>Auteur:<br \/>\n<a href=\"http:\/\/www.lebuteur.com\/article\/detail?titre=nimes-le-dementi-de-ferhat-concernant-les-informations-sur-son-avenir&#038;id=99369&#038;utm_source=feedburner&#038;utm_medium=feed&#038;utm_campaign=Feed%3A+GalerieFArtciles+%28Les+derniers+articles++-+lebuteur.com%29\">Cliquez ici pour lire l&rsquo;article depuis sa source.<\/a><\/p>\n","protected":false},"excerpt":{"rendered":"<p>Auteur : vendredi 12 mars 2021 19:41 \u00ab\u00a0Je joue actuellement ma deuxi\u00e8me saison avec le N\u00eemes Olympique, \u00e7a sera ma derni\u00e8re avant de quitter le club que je souhaite maintenir en Ligue 1.\u00a0\u00bb Tels \u00e9taient les propos de Zinedine Ferhat au micro de BeIn Sports r\u00e9cemment concernant son avenir, alors que son contrat avec les [&hellip;]<\/p>\n","protected":false},"author":1738,"featured_media":0,"comment_status":"closed","ping_status":"closed","sticky":false,"template":"","format":"standard","meta":{"fifu_image_url":"\/\/cdn.lebuteur.com\/data\/images\/article\/thumbs\/large-nimes-le-dementi-de-ferhat-concernant-les-informations-sur-son-avenir-d7c8a.jpg","fifu_image_alt":"Pros : N\u00eemes : Le d\u00e9menti de Ferhat concernant les informations sur son avenir","footnotes":""},"categories":[53,75],"tags":[],"class_list":["post-112992","post","type-post","status-publish","format-standard","hentry","category-algerie","category-sport"],"_links":{"self":[{"href":"https:\/\/linitiative.ca\/International\/wp-json\/wp\/v2\/posts\/112992","targetHints":{"allow":["GET"]}}],"collection":[{"href":"https:\/\/linitiative.ca\/International\/wp-json\/wp\/v2\/posts"}],"about":[{"href":"https:\/\/linitiative.ca\/International\/wp-json\/wp\/v2\/types\/post"}],"author":[{"embeddable":true,"href":"https:\/\/linitiative.ca\/International\/wp-json\/wp\/v2\/users\/1738"}],"replies":[{"embeddable":true,"href":"https:\/\/linitiative.ca\/International\/wp-json\/wp\/v2\/comments?post=112992"}],"version-history":[{"count":0,"href":"https:\/\/linitiative.ca\/International\/wp-json\/wp\/v2\/posts\/112992\/revisions"}],"wp:attachment":[{"href":"https:\/\/linitiative.ca\/International\/wp-json\/wp\/v2\/media?parent=112992"}],"wp:term":[{"taxonomy":"category","embeddable":true,"href":"https:\/\/linitiative.ca\/International\/wp-json\/wp\/v2\/categories?post=112992"},{"taxonomy":"post_tag","embeddable":true,"href":"https:\/\/linitiative.ca\/International\/wp-json\/wp\/v2\/tags?post=112992"}],"curies":[{"name":"wp","href":"https:\/\/api.w.org\/{rel}","templated":true}]}}