{"id":112994,"date":"2021-03-12T15:14:28","date_gmt":"2021-03-12T20:14:28","guid":{"rendered":"https:\/\/linitiative.ca\/International\/pros-ogc-nice-ursea-donne-de-bonnes-nouvelles-concernant-youcef-atal\/"},"modified":"2021-03-12T15:14:28","modified_gmt":"2021-03-12T20:14:28","slug":"pros-ogc-nice-ursea-donne-de-bonnes-nouvelles-concernant-youcef-atal","status":"publish","type":"post","link":"https:\/\/linitiative.ca\/International\/pros-ogc-nice-ursea-donne-de-bonnes-nouvelles-concernant-youcef-atal\/","title":{"rendered":"Pros : OGC Nice : Ursea donne de bonnes nouvelles concernant Youcef Atal"},"content":{"rendered":"<div readability=\"32\">\n<p>Auteur : <span class=\"time\">vendredi 12 mars 2021 20:15<\/span><\/p>\n<\/div>\n<div id=\"post_core\" readability=\"38\">\n<p>L&rsquo;entraineur ni\u00e7ois Adrian Ursea a fait un point sur la situation de Youcef Atal, annonc\u00e9 initialement absent pour une dur\u00e9e de 3 \u00e0 4 semaines\u00a0: \u00ab\u00a0Il y a eu une \u00e9volution de sa situation, Youcef est en train de se retaper physiquement. Il est en r\u00e9athl\u00e9tisation et\u00a0a commenc\u00e9 d\u00e9j\u00e0 \u00e0 faire des courses. Il ne sera pas pr\u00e9sent dimanche. Sera-t-il apte la\u00a0semaine prochaine ? On l\u2019esp\u00e8re. On fait le point entra\u00eenement apr\u00e8s entra\u00eenement, et on\u00a0\u00e9volue avec les ressentis de Youcef et l\u2019avis m\u00e9dical. On l\u2019accompagne en esp\u00e9rant qu\u2019il pourra revenir un peu plus vite\u00a0\u00bb. Des propos relay\u00e9s par Ogcnice.com.<\/p>\n<p><strong>Publi\u00e9 dans :<\/strong> <span>Nice<\/span><\/p>\n<\/div>\n<p>Auteur:<br \/>\n<a href=\"http:\/\/www.lebuteur.com\/article\/detail?titre=ogc-nice-ursea-donne-de-bonnes-nouvelles-concernant-youcef-atal&#038;id=99371&#038;utm_source=feedburner&#038;utm_medium=feed&#038;utm_campaign=Feed%3A+GalerieFArtciles+%28Les+derniers+articles++-+lebuteur.com%29\">Cliquez ici pour lire l&rsquo;article depuis sa source.<\/a><\/p>\n","protected":false},"excerpt":{"rendered":"<p>Auteur : vendredi 12 mars 2021 20:15 L&rsquo;entraineur ni\u00e7ois Adrian Ursea a fait un point sur la situation de Youcef Atal, annonc\u00e9 initialement absent pour une dur\u00e9e de 3 \u00e0 4 semaines\u00a0: \u00ab\u00a0Il y a eu une \u00e9volution de sa situation, Youcef est en train de se retaper physiquement. Il est en r\u00e9athl\u00e9tisation et\u00a0a commenc\u00e9 [&hellip;]<\/p>\n","protected":false},"author":1738,"featured_media":0,"comment_status":"closed","ping_status":"closed","sticky":false,"template":"","format":"standard","meta":{"fifu_image_url":"\/\/cdn.lebuteur.com\/data\/images\/article\/thumbs\/large-ogc-nice-ursea-donne-de-bonnes-nouvelles-concernant-youcef-atal-b6891.jpg","fifu_image_alt":"Pros : OGC Nice : Ursea donne de bonnes nouvelles concernant Youcef Atal","footnotes":""},"categories":[53,75],"tags":[],"class_list":["post-112994","post","type-post","status-publish","format-standard","hentry","category-algerie","category-sport"],"_links":{"self":[{"href":"https:\/\/linitiative.ca\/International\/wp-json\/wp\/v2\/posts\/112994","targetHints":{"allow":["GET"]}}],"collection":[{"href":"https:\/\/linitiative.ca\/International\/wp-json\/wp\/v2\/posts"}],"about":[{"href":"https:\/\/linitiative.ca\/International\/wp-json\/wp\/v2\/types\/post"}],"author":[{"embeddable":true,"href":"https:\/\/linitiative.ca\/International\/wp-json\/wp\/v2\/users\/1738"}],"replies":[{"embeddable":true,"href":"https:\/\/linitiative.ca\/International\/wp-json\/wp\/v2\/comments?post=112994"}],"version-history":[{"count":0,"href":"https:\/\/linitiative.ca\/International\/wp-json\/wp\/v2\/posts\/112994\/revisions"}],"wp:attachment":[{"href":"https:\/\/linitiative.ca\/International\/wp-json\/wp\/v2\/media?parent=112994"}],"wp:term":[{"taxonomy":"category","embeddable":true,"href":"https:\/\/linitiative.ca\/International\/wp-json\/wp\/v2\/categories?post=112994"},{"taxonomy":"post_tag","embeddable":true,"href":"https:\/\/linitiative.ca\/International\/wp-json\/wp\/v2\/tags?post=112994"}],"curies":[{"name":"wp","href":"https:\/\/api.w.org\/{rel}","templated":true}]}}