{"id":112995,"date":"2021-03-12T04:51:00","date_gmt":"2021-03-12T09:51:00","guid":{"rendered":"https:\/\/linitiative.ca\/International\/qui-est-khaled-chelly-le-nouveau-pdg-de-tunisair\/"},"modified":"2021-03-12T04:51:00","modified_gmt":"2021-03-12T09:51:00","slug":"qui-est-khaled-chelly-le-nouveau-pdg-de-tunisair","status":"publish","type":"post","link":"https:\/\/linitiative.ca\/International\/qui-est-khaled-chelly-le-nouveau-pdg-de-tunisair\/","title":{"rendered":"Qui est Khaled Chelly, le nouveau Pdg de Tunisair"},"content":{"rendered":"<p>Khaled Chelly, 54 ans vient d&rsquo;\u00eatre nomm\u00e9 Pdg de Tunisair. Dipl\u00f4m\u00e9 de l&rsquo;Ihec de Carthage, il a pratiquement fait toute sa carri\u00e8re \u00e0 Tunisair et surtout occup\u00e9 la plupart des postes de responsabilit\u00e9 du groupe :\u00a0 notamment, directeur adjoint g\u00e9n\u00e9ral), deux fois DG de la filiale Tunisair Express et repr\u00e9sentant pour l\u2019Europe centrale et l\u2019Am\u00e9rique du Nord,poste qu\u2019il occupait jusqu\u2019\u00e0 sa d\u00e9signation. Il succ\u00e8de \u00e0 Olfa Hamdi.<\/p>\n<p>Auteur:<br \/>\n<a href=\"https:\/\/www.leaders.com.tn\/article\/31564-qui-est-khaled-chelly-le-nouveau-pdg-de-tunisair\">Cliquez ici pour lire l&rsquo;article depuis sa source.<\/a><\/p>\n","protected":false},"excerpt":{"rendered":"<p>Khaled Chelly, 54 ans vient d&rsquo;\u00eatre nomm\u00e9 Pdg de Tunisair. Dipl\u00f4m\u00e9 de l&rsquo;Ihec de Carthage, il a pratiquement fait toute sa carri\u00e8re \u00e0 Tunisair et surtout occup\u00e9 la plupart des postes de responsabilit\u00e9 du groupe :\u00a0 notamment, directeur adjoint g\u00e9n\u00e9ral), deux fois DG de la filiale Tunisair Express et repr\u00e9sentant pour l\u2019Europe centrale et l\u2019Am\u00e9rique [&hellip;]<\/p>\n","protected":false},"author":1772,"featured_media":0,"comment_status":"closed","ping_status":"closed","sticky":false,"template":"","format":"standard","meta":{"fifu_image_url":"","fifu_image_alt":"","footnotes":""},"categories":[73,55],"tags":[],"class_list":["post-112995","post","type-post","status-publish","format-standard","hentry","category-actualite","category-tunisie"],"_links":{"self":[{"href":"https:\/\/linitiative.ca\/International\/wp-json\/wp\/v2\/posts\/112995","targetHints":{"allow":["GET"]}}],"collection":[{"href":"https:\/\/linitiative.ca\/International\/wp-json\/wp\/v2\/posts"}],"about":[{"href":"https:\/\/linitiative.ca\/International\/wp-json\/wp\/v2\/types\/post"}],"author":[{"embeddable":true,"href":"https:\/\/linitiative.ca\/International\/wp-json\/wp\/v2\/users\/1772"}],"replies":[{"embeddable":true,"href":"https:\/\/linitiative.ca\/International\/wp-json\/wp\/v2\/comments?post=112995"}],"version-history":[{"count":0,"href":"https:\/\/linitiative.ca\/International\/wp-json\/wp\/v2\/posts\/112995\/revisions"}],"wp:attachment":[{"href":"https:\/\/linitiative.ca\/International\/wp-json\/wp\/v2\/media?parent=112995"}],"wp:term":[{"taxonomy":"category","embeddable":true,"href":"https:\/\/linitiative.ca\/International\/wp-json\/wp\/v2\/categories?post=112995"},{"taxonomy":"post_tag","embeddable":true,"href":"https:\/\/linitiative.ca\/International\/wp-json\/wp\/v2\/tags?post=112995"}],"curies":[{"name":"wp","href":"https:\/\/api.w.org\/{rel}","templated":true}]}}