{"id":112997,"date":"2021-03-12T06:34:00","date_gmt":"2021-03-12T11:34:00","guid":{"rendered":"https:\/\/linitiative.ca\/International\/nadia-gamha-un-veritable-voyage-avec-si-chedly-ayari\/"},"modified":"2021-03-12T06:34:00","modified_gmt":"2021-03-12T11:34:00","slug":"nadia-gamha-un-veritable-voyage-avec-si-chedly-ayari","status":"publish","type":"post","link":"https:\/\/linitiative.ca\/International\/nadia-gamha-un-veritable-voyage-avec-si-chedly-ayari\/","title":{"rendered":"Nadia Gamha: Un v\u00e9ritable voyage avec Si Chedly Ayari"},"content":{"rendered":"<p><span class=\"c2\"><em><strong>Par Nadia Gamha. Vice-gouverneur de la Banque centrale de Tunisie &#8211;<\/strong><\/em><\/span> \u00c9tudiante, j\u2019ai connu Si Chedly dans les ann\u00e9es 80, \u00e0 travers ses articles publi\u00e9s dans la revue\u00a0 Jeune Afrique. Plusieurs ann\u00e9es plus tard, je le rencontre pour la premi\u00e8re fois un certain matin de juillet 2012 dans son bureau au lendemain de sa prise de fonctions en tant que gouverneur de la Banque centrale de Tunisie (BCT), pour me pr\u00e9senter \u00e0 lui en tant que directrice g\u00e9n\u00e9rale de la Supervision bancaire et lui exposer mon programme de travail.<\/p>\n<p>Son allure charismatique et son regard vif m\u2019ont tout de suite interpell\u00e9e, sa courtoisie et l\u2019int\u00e9r\u00eat qu\u2019il a manifest\u00e9 pour les sujets que je lui exposais m\u2019ont tr\u00e8s vite mise \u00e0 l\u2019aise. Je me souviens qu\u2019en me levant pour quitter son bureau \u00e0 la fin de cette premi\u00e8re entrevue, il me demanda sur un ton paternel s\u2019il pouvait m\u2019appeler par mon pr\u00e9nom. J\u2019ai compris par la suite que c\u2019\u00e9tait une marque d\u2019affection dont il gratifiait ses collaborateurs.<\/p>\n<p>A partir de ce jour, commen\u00e7a un v\u00e9ritable voyage avec Si Chedly qui se poursuivit pendant cinq ann\u00e9es et demie ; voyage aussi passionnant que challengeant, jalonn\u00e9 de plusieurs r\u00e9formes bancaires importantes engag\u00e9es dans une conjoncture difficile et un contexte tr\u00e8s particulier.<\/p>\n<p>Je retiendrai au moins trois grandes r\u00e9formes bancaires\u00a0 conduites ou pilot\u00e9es par la BCT au cours de son mandat: la modernisation du cadre op\u00e9rationnel de la Supervision bancaire, la restructuration des trois grandes banques publiques et la refonte du cadre l\u00e9gal r\u00e9gissant l\u2019activit\u00e9 bancaire.<\/p>\n<p>Ces r\u00e9formes n\u2019auraient pas vu le jour n\u2019e\u00fbt \u00e9t\u00e9 la relation de confiance qui s\u2019\u00e9tait \u00e9tablie entre nous et n\u2019e\u00fbt \u00e9t\u00e9 le courage de Si Ch\u00e9dly pour les entreprendre et les d\u00e9fendre.<br \/>Pendant ce long\u00a0 p\u00e9riple, j\u2019ai eu l\u2019occasion de l\u2019accompagner\u00a0 dans plusieurs r\u00e9unions minist\u00e9rielles pr\u00e9sid\u00e9es par les diff\u00e9rents chefs de gouvernement (Ali La\u00e2rayedh, Mehdi Jom\u00e2a, Habib Essid et Youssef Chahed). Au cours de ces r\u00e9unions, j\u2019ai pu constater l\u2019\u00e9gard dont il\u00a0 b\u00e9n\u00e9ficiait aupr\u00e8s des diff\u00e9rents chefs de gouvernement. Lors de ces r\u00e9unions, il veillait \u00e0 ce que je sois\u00a0 assise \u00e0 ses c\u00f4t\u00e9s, faisant parfois fi du protocole.<\/p>\n<p>J\u2019ai eu \u00e9galement l\u2019occasion de l\u2019accompagner \u00e0 maintes reprises lors de ses passages devant l\u2019ARP. L\u2019un des passages les plus\u00a0 marquants est sans doute celui relatif au vote de la loi bancaire de 2016 avec feu Slim Chaker\u00a0 et o\u00f9\u00a0 les d\u00e9bats, parfois un peu trop anim\u00e9s, n\u2019ont \u00e0 aucun moment entach\u00e9 le respect des d\u00e9put\u00e9s tant pour le ministre que pour le gouverneur.<\/p>\n<p>Ce respect, voire\u00a0 cette admiration, j\u2019ai pu \u00e9galement les relever dans l\u2019expression des visages et dans les propos de hautes personnalit\u00e9s \u00e9trang\u00e8res du monde de la finance que j\u2019ai eu le privil\u00e8ge de rencontrer lorsque Si Ch\u00e9dly les recevait. Lors de ces entrevues, j\u2019ai pu d\u00e9couvrir d\u2019autres facettes de l\u2019homme, celles d\u2019un fin diplomate et d\u2019un homme de grande culture.<\/p>\n<p>Je ne peux terminer ce modeste t\u00e9moignage sans citer une autre qualit\u00e9 de Si Ch\u00e9dly que j\u2019ai pu appr\u00e9cier en le c\u00f4toyant, \u00e0 savoir son humour subtil et raffin\u00e9. Je me rappelle que dans des moments difficiles o\u00f9 nous avions \u00e0 nous prononcer sur des dossiers complexes et sensibles, il n\u2019h\u00e9sitait pas \u00e0 nous raconter une anecdote pour d\u00e9tendre l\u2019atmosph\u00e8re.<\/p>\n<p>L\u2019image de lui\u00a0 qui restera grav\u00e9e dans ma m\u00e9moire est celle\u00a0 d\u2019un grand monsieur, digne, soucieux de l\u2019int\u00e9r\u00eat de son pays, respectueux de ses collaborateurs, courtois et un brin anecdotier, sans jamais tomber dans la familiarit\u00e9.<\/p>\n<p>Cher Si Chedly, vous qui avez impr\u00e9gn\u00e9 des g\u00e9n\u00e9rationsd\u2019\u00e9conomistes par votre science, vous qui avez\u00a0 particip\u00e9 \u00e0 la construction de la jeune Tunisie ind\u00e9pendante \u00e0 travers plusieurs portefeuilles minist\u00e9riels, vous qui avez termin\u00e9 votre parcours en marquant l\u2019histoire d\u2019une institution aussi prestigieuse que la Banque centrale de Tunisie dont vous f\u00fbtes le 12e gouverneur, reposez en paix !<\/p>\n<p class=\"c4\"><strong>Nadia Gamha<\/strong><br \/><span class=\"c3\"><em>Vice-gouverneur de la Banque centrale de Tunisie<\/em><\/span><\/p>\n<p class=\"c5\"><strong>Lire aussi<\/strong><\/p>\n<p class=\"c5\"><a href=\"https:\/\/www.leaders.com.tn\/article\/31554-chedly-ayari-un-itineraire-hors-du-commun\" target=\"_blank\" rel=\"noopener\">Mustapha Ben Jaafar &#8211; Chedly Ayari: Un itin\u00e9raire hors du commun<\/a><\/p>\n<p class=\"c5\"><a href=\"https:\/\/www.leaders.com.tn\/article\/31545-chedly-ayari-moderation-sagesse-et-perspicacite\" target=\"_blank\" rel=\"noopener\">Chedly Ayari: Mod\u00e9ration, sagesse et perspicacit\u00e9<\/a><\/p>\n<p class=\"c5\"><a href=\"https:\/\/www.leaders.com.tn\/article\/31534-chedly-ayari-le-charisme-des-grands-professeurs-la-finesse-des-diplomates-chevronnes-et-la-tenacite-des-patriotes\" target=\"_blank\" rel=\"noopener\">Chedly Ayari: Le charisme des grands professeurs, la finesse des diplomates chevronn\u00e9s et la t\u00e9nacit\u00e9 des patriotes<\/a><br \/><a href=\"https:\/\/www.leaders.com.tn\/article\/31529-chedly-ayari-1933-2021-l-economiste-pluriel\" target=\"_blank\" rel=\"noopener\">Chedly Ayari, 1933 &#8211; 2021: L\u2019\u00e9conomiste pluriel<\/a><\/p>\n<p>Auteur:<br \/>\n<a href=\"https:\/\/www.leaders.com.tn\/article\/31566-nadia-gamha-un-veritable-voyage-avec-si-chedly-ayari\">Cliquez ici pour lire l&rsquo;article depuis sa source.<\/a><\/p>\n","protected":false},"excerpt":{"rendered":"<p>Par Nadia Gamha. Vice-gouverneur de la Banque centrale de Tunisie &#8211; \u00c9tudiante, j\u2019ai connu Si Chedly dans les ann\u00e9es 80, \u00e0 travers ses articles publi\u00e9s dans la revue\u00a0 Jeune Afrique. Plusieurs ann\u00e9es plus tard, je le rencontre pour la premi\u00e8re fois un certain matin de juillet 2012 dans son bureau au lendemain de sa prise [&hellip;]<\/p>\n","protected":false},"author":1772,"featured_media":0,"comment_status":"closed","ping_status":"closed","sticky":false,"template":"","format":"standard","meta":{"fifu_image_url":"","fifu_image_alt":"","footnotes":""},"categories":[73,55],"tags":[],"class_list":["post-112997","post","type-post","status-publish","format-standard","hentry","category-actualite","category-tunisie"],"_links":{"self":[{"href":"https:\/\/linitiative.ca\/International\/wp-json\/wp\/v2\/posts\/112997","targetHints":{"allow":["GET"]}}],"collection":[{"href":"https:\/\/linitiative.ca\/International\/wp-json\/wp\/v2\/posts"}],"about":[{"href":"https:\/\/linitiative.ca\/International\/wp-json\/wp\/v2\/types\/post"}],"author":[{"embeddable":true,"href":"https:\/\/linitiative.ca\/International\/wp-json\/wp\/v2\/users\/1772"}],"replies":[{"embeddable":true,"href":"https:\/\/linitiative.ca\/International\/wp-json\/wp\/v2\/comments?post=112997"}],"version-history":[{"count":0,"href":"https:\/\/linitiative.ca\/International\/wp-json\/wp\/v2\/posts\/112997\/revisions"}],"wp:attachment":[{"href":"https:\/\/linitiative.ca\/International\/wp-json\/wp\/v2\/media?parent=112997"}],"wp:term":[{"taxonomy":"category","embeddable":true,"href":"https:\/\/linitiative.ca\/International\/wp-json\/wp\/v2\/categories?post=112997"},{"taxonomy":"post_tag","embeddable":true,"href":"https:\/\/linitiative.ca\/International\/wp-json\/wp\/v2\/tags?post=112997"}],"curies":[{"name":"wp","href":"https:\/\/api.w.org\/{rel}","templated":true}]}}