{"id":113000,"date":"2021-03-12T10:05:07","date_gmt":"2021-03-12T15:05:07","guid":{"rendered":"https:\/\/linitiative.ca\/International\/50-femmes-qui-comptent-fatima-zibouh-entrepreneure-sociale-belgique\/"},"modified":"2021-03-12T10:05:07","modified_gmt":"2021-03-12T15:05:07","slug":"50-femmes-qui-comptent-fatima-zibouh-entrepreneure-sociale-belgique","status":"publish","type":"post","link":"https:\/\/linitiative.ca\/International\/50-femmes-qui-comptent-fatima-zibouh-entrepreneure-sociale-belgique\/","title":{"rendered":"50 femmes qui comptent : Fatima Zibouh, Entrepreneure sociale (Belgique)"},"content":{"rendered":"<p><strong>Pour nous, il ne s\u2019agit pas de c\u00e9l\u00e9brer la journ\u00e9e de la femme, comme un cadeau annuel fait \u00e0 la gent f\u00e9minine. C\u2019est plut\u00f4t l\u2019occasion de faire le point sur un combat essentiel, celui de l\u2019\u00e9mancipation de la moiti\u00e9 de la population et l\u2019\u00e9valuation de son apport aux transformations sociales, ce que l\u2019on appelle commun\u00e9ment d\u00e9veloppement et qui ne se r\u00e9sume pas aux quantifications \u00e9conomiques. Pour cela, nous avons choisi de mettre en avant un riche panel, \u00e0 travers\u00a0ces portraits repr\u00e9sentatifs de cette g\u00e9n\u00e9ration de femmes qui s\u2019assument. Un portrait \u00e0 d\u00e9couvrir :<\/strong>\u00a0<strong>Fatima Zibouh, Entrepreneure sociale (Belgique).<\/strong><\/p>\n<div class=\"c10\">\n<\/div>\n<p>Cheville ouvri\u00e8re en Belgique de l\u2019inclusion sociale des immigr\u00e9s et de la lutte contre le racisme, Fatima Zibouh \u0153uvre depuis plus de deux d\u00e9cennies pour le renforcement des relations maroco-belges et l\u2019int\u00e9gration socio-\u00e9conomique et culturelle des belges d\u2019origine marocaine. Ce qui lui a valu de recevoir plusieurs distinctions et prix, tel le titre de \u00ab\u00a0Femme d\u2019honneur\u00a0\u00bb en 2010 que lui a d\u00e9cern\u00e9 la Facult\u00e9 des Sciences Humaines et Sociales de l\u2019Universit\u00e9 de Li\u00e8ge, le Prix de l\u2019Observatoire des Politiques Culturelles en 2014, le Diwan Award de la Personnalit\u00e9 belgo-marocaine de l\u2019ann\u00e9e en 2014 et plus r\u00e9cemment en 2021,\u00a0la nomination dans la liste \u00ab40under40\u00a0\u00bb des 40 leaders de moins de 40 ans en Belgique.<\/p>\n<p><strong>Lire aussi |\u00a0<\/strong><a href=\"https:\/\/www.challenge.ma\/votre-e-magazine-challenge-du-vendredi-12-mars-2021-177781\/\"><strong>Votre e-magazine Challenge du vendredi 12 mars 2021<\/strong><\/a><\/p>\n<p>Plus r\u00e9cemment en 2020, cette dipl\u00f4m\u00e9e en sciences politiques, \u00e9galement titulaire d\u2019un Master sp\u00e9cialis\u00e9 en Droits de l\u2019Homme (\u00e0 l\u2019Universit\u00e9 catholique de Louvain), a \u00e9t\u00e9 d\u00e9sign\u00e9e Ambassadrice de la diversit\u00e9 belge par le Ministre des Affaires \u00e9trang\u00e8res et a \u00e9t\u00e9 re\u00e7ue par le Roi des belges avec neuf autres femmes belges mises \u00e0 l\u2019honneur \u00e0 l\u2019occasion de la Journ\u00e9e Internationale des droits des femmes.<\/p>\n<p>Avec un tel parcours, celle qui affirme que \u00ab\u00a0Les femmes issues de l\u2019immigration marocaine sont une v\u00e9ritable plus-value dans leur pays de r\u00e9sidence\u2026 et sont de v\u00e9ritables actrices de changement en contribuant \u00e0 la vie \u00e9conomique, politique, culturelle et sociale de leur environnement\u00bb,\u00a0l\u2019experte des questions d\u2019inclusion, discrimination et diversit\u00e9 au sein de l\u2019organisme bruxellois de l\u2019emploi, confirme de la plus belle expression ses propos.\u00a0<\/p>\n<p><strong>Lire aussi |<\/strong><a href=\"https:\/\/www.challenge.ma\/50-femmes-qui-comptent-malika-dhif-adjoint-au-directeur-de-la-direction-du-tresor-et-des-finances-exterieures-177619\/\"><strong>50 femmes qui comptent : Malika Dhif, Adjoint au Directeur de la Direction du Tr\u00e9sor et des finances ext\u00e9rieures<\/strong><\/a><\/p>\n<p class=\"has-background c11\">\u00ab\u00a0Les femmes issues de l\u2019immigration marocaine sont une v\u00e9ritable plus-value dans leur pays de r\u00e9sidence\u2026 et sont de v\u00e9ritables actrices de changement en contribuant \u00e0 la vie \u00e9conomique, politique, culturelle et sociale de leur environnement\u00a0\u00bb<\/p>\n<figure class=\"wp-block-image size-large\"><a href=\"https:\/\/emag.challenge.ma\/780\/mobile\/index.html\"><img decoding=\"async\" loading=\"lazy\" width=\"798\" height=\"1024\" src=\"https:\/\/www.challenge.ma\/wp-content\/uploads\/2021\/03\/Challenge-780-special-8-mars-798x1024.jpg\" alt=\"\" class=\"wp-image-177090\" srcset=\"https:\/\/www.challenge.ma\/wp-content\/uploads\/2021\/03\/Challenge-780-special-8-mars-798x1024.jpg 798w, https:\/\/www.challenge.ma\/wp-content\/uploads\/2021\/03\/Challenge-780-special-8-mars-234x300.jpg 234w, https:\/\/www.challenge.ma\/wp-content\/uploads\/2021\/03\/Challenge-780-special-8-mars-768x986.jpg 768w, https:\/\/www.challenge.ma\/wp-content\/uploads\/2021\/03\/Challenge-780-special-8-mars-360x462.jpg 360w, https:\/\/www.challenge.ma\/wp-content\/uploads\/2021\/03\/Challenge-780-special-8-mars-750x962.jpg 750w, https:\/\/www.challenge.ma\/wp-content\/uploads\/2021\/03\/Challenge-780-special-8-mars.jpg 1013w\" sizes=\"auto, (max-width: 798px) 100vw, 798px\"\/><\/a><\/figure>\n<p>Auteur: challenge<br \/>\n<a href=\"https:\/\/www.challenge.ma\/50-femmes-qui-comptent-fatima-zibouh-entrepreneure-sociale-belgique-177830\/\">Cliquez ici pour lire l&rsquo;article depuis sa source.<\/a><\/p>\n","protected":false},"excerpt":{"rendered":"<p>Pour nous, il ne s\u2019agit pas de c\u00e9l\u00e9brer la journ\u00e9e de la femme, comme un cadeau annuel fait \u00e0 la gent f\u00e9minine. C\u2019est plut\u00f4t l\u2019occasion de faire le point sur un combat essentiel, celui de l\u2019\u00e9mancipation de la moiti\u00e9 de la population et l\u2019\u00e9valuation de son apport aux transformations sociales, ce que l\u2019on appelle commun\u00e9ment [&hellip;]<\/p>\n","protected":false},"author":1787,"featured_media":0,"comment_status":"closed","ping_status":"closed","sticky":false,"template":"","format":"standard","meta":{"fifu_image_url":"https:\/\/www.challenge.ma\/wp-content\/uploads\/2021\/03\/Challenge-780-special-8-mars-798x1024.jpg","fifu_image_alt":"50 femmes qui comptent : Fatima Zibouh, Entrepreneure sociale (Belgique)","footnotes":""},"categories":[78,54],"tags":[],"class_list":["post-113000","post","type-post","status-publish","format-standard","hentry","category-economie","category-maroc"],"_links":{"self":[{"href":"https:\/\/linitiative.ca\/International\/wp-json\/wp\/v2\/posts\/113000","targetHints":{"allow":["GET"]}}],"collection":[{"href":"https:\/\/linitiative.ca\/International\/wp-json\/wp\/v2\/posts"}],"about":[{"href":"https:\/\/linitiative.ca\/International\/wp-json\/wp\/v2\/types\/post"}],"author":[{"embeddable":true,"href":"https:\/\/linitiative.ca\/International\/wp-json\/wp\/v2\/users\/1787"}],"replies":[{"embeddable":true,"href":"https:\/\/linitiative.ca\/International\/wp-json\/wp\/v2\/comments?post=113000"}],"version-history":[{"count":0,"href":"https:\/\/linitiative.ca\/International\/wp-json\/wp\/v2\/posts\/113000\/revisions"}],"wp:attachment":[{"href":"https:\/\/linitiative.ca\/International\/wp-json\/wp\/v2\/media?parent=113000"}],"wp:term":[{"taxonomy":"category","embeddable":true,"href":"https:\/\/linitiative.ca\/International\/wp-json\/wp\/v2\/categories?post=113000"},{"taxonomy":"post_tag","embeddable":true,"href":"https:\/\/linitiative.ca\/International\/wp-json\/wp\/v2\/tags?post=113000"}],"curies":[{"name":"wp","href":"https:\/\/api.w.org\/{rel}","templated":true}]}}