{"id":113001,"date":"2021-03-12T10:06:54","date_gmt":"2021-03-12T15:06:54","guid":{"rendered":"https:\/\/linitiative.ca\/International\/commandes-publiques-les-soumissionnaires-devront-desormais-deposer-et-retirer-les-enveloppes-par-voie-electronique\/"},"modified":"2021-03-12T10:06:54","modified_gmt":"2021-03-12T15:06:54","slug":"commandes-publiques-les-soumissionnaires-devront-desormais-deposer-et-retirer-les-enveloppes-par-voie-electronique","status":"publish","type":"post","link":"https:\/\/linitiative.ca\/International\/commandes-publiques-les-soumissionnaires-devront-desormais-deposer-et-retirer-les-enveloppes-par-voie-electronique\/","title":{"rendered":"Commandes publiques :  les soumissionnaires devront d\u00e9sormais d\u00e9poser et retirer les enveloppes par voie \u00e9lectronique"},"content":{"rendered":"<p><strong>Un projet de d\u00e9cret visant \u00e0 consolider les acquis li\u00e9s \u00e0 la transparence des proc\u00e9dures et au processus de d\u00e9mat\u00e9rialisation des march\u00e9s publics a \u00e9t\u00e9 adopt\u00e9 lors du dernier Conseil de gouvernement. Les d\u00e9tails.<\/strong><\/p>\n<div class=\"c10\">\n<\/div>\n<p>Le Conseil de gouvernement, r\u00e9uni le 11 mars (Visioconf\u00e9rence), a adopt\u00e9 le projet de d\u00e9cret n\u00b0 2.21.801 modifiant et compl\u00e9tant le d\u00e9cret n\u00b0 2.12.349 du 20 mars 2013 relatif aux march\u00e9s publics.<\/p>\n<p><strong>Lire aussi| <a href=\"https:\/\/www.challenge.ma\/brouille-maroco-allemande-la-ligne-de-relance-post-covid-19-de-la-kfw-sera-elle-compromise-177795\/\">Brouille maroco-allemande : la ligne de relance Post-Covid-19 de la KFW sera-elle compromise?<\/a><\/strong><\/p>\n<p>On apprend que ce projet de d\u00e9cret, qui a \u00e9t\u00e9 pr\u00e9sent\u00e9 par le ministre de l\u2019\u00c9conomie, des Finances et de la R\u00e9forme de l\u2019Administration, Mohammed Bencha\u00e2boun, a pour objectif de \u00a0consolider les acquis li\u00e9s \u00e0 la transparence des proc\u00e9dures et au processus de d\u00e9mat\u00e9rialisation des march\u00e9s publics. L\u2019Ex\u00e9cutif pr\u00e9cise qu\u2019il est devenu n\u00e9cessaire, en vertu de ce texte, d\u2019obliger les soumissionnaires \u00e0 d\u00e9poser et \u00e0 retirer les enveloppes par voie \u00e9lectronique, tout en donnant un caract\u00e8re obligatoire aux engagements \u00e9lectroniques.<\/p>\n<p><strong>Lire aussi| <a href=\"https:\/\/www.challenge.ma\/cannabis-le-projet-de-loi-adopte-en-conseil-de-gouvernement-177719\/\">Cannabis : le projet de loi adopt\u00e9 en Conseil de gouvernement<\/a><\/strong><\/p>\n<p>Auteur: challenge<br \/>\n<a href=\"https:\/\/www.challenge.ma\/commandes-publiques-les-soumissionnaires-devront-desormais-deposer-et-retirer-les-enveloppes-par-voie-electronique-177905\/\">Cliquez ici pour lire l&rsquo;article depuis sa source.<\/a><\/p>\n","protected":false},"excerpt":{"rendered":"<p>Un projet de d\u00e9cret visant \u00e0 consolider les acquis li\u00e9s \u00e0 la transparence des proc\u00e9dures et au processus de d\u00e9mat\u00e9rialisation des march\u00e9s publics a \u00e9t\u00e9 adopt\u00e9 lors du dernier Conseil de gouvernement. Les d\u00e9tails. Le Conseil de gouvernement, r\u00e9uni le 11 mars (Visioconf\u00e9rence), a adopt\u00e9 le projet de d\u00e9cret n\u00b0 2.21.801 modifiant et compl\u00e9tant le [&hellip;]<\/p>\n","protected":false},"author":1787,"featured_media":0,"comment_status":"closed","ping_status":"closed","sticky":false,"template":"","format":"standard","meta":{"fifu_image_url":"","fifu_image_alt":"","footnotes":""},"categories":[78,54],"tags":[],"class_list":["post-113001","post","type-post","status-publish","format-standard","hentry","category-economie","category-maroc"],"_links":{"self":[{"href":"https:\/\/linitiative.ca\/International\/wp-json\/wp\/v2\/posts\/113001","targetHints":{"allow":["GET"]}}],"collection":[{"href":"https:\/\/linitiative.ca\/International\/wp-json\/wp\/v2\/posts"}],"about":[{"href":"https:\/\/linitiative.ca\/International\/wp-json\/wp\/v2\/types\/post"}],"author":[{"embeddable":true,"href":"https:\/\/linitiative.ca\/International\/wp-json\/wp\/v2\/users\/1787"}],"replies":[{"embeddable":true,"href":"https:\/\/linitiative.ca\/International\/wp-json\/wp\/v2\/comments?post=113001"}],"version-history":[{"count":0,"href":"https:\/\/linitiative.ca\/International\/wp-json\/wp\/v2\/posts\/113001\/revisions"}],"wp:attachment":[{"href":"https:\/\/linitiative.ca\/International\/wp-json\/wp\/v2\/media?parent=113001"}],"wp:term":[{"taxonomy":"category","embeddable":true,"href":"https:\/\/linitiative.ca\/International\/wp-json\/wp\/v2\/categories?post=113001"},{"taxonomy":"post_tag","embeddable":true,"href":"https:\/\/linitiative.ca\/International\/wp-json\/wp\/v2\/tags?post=113001"}],"curies":[{"name":"wp","href":"https:\/\/api.w.org\/{rel}","templated":true}]}}