{"id":113002,"date":"2021-03-12T10:42:45","date_gmt":"2021-03-12T15:42:45","guid":{"rendered":"https:\/\/linitiative.ca\/International\/le-ccm-sallie-a-lonmt-pour-attirer-les-productions-cinematographiques-internationales\/"},"modified":"2021-03-12T10:42:45","modified_gmt":"2021-03-12T15:42:45","slug":"le-ccm-sallie-a-lonmt-pour-attirer-les-productions-cinematographiques-internationales","status":"publish","type":"post","link":"https:\/\/linitiative.ca\/International\/le-ccm-sallie-a-lonmt-pour-attirer-les-productions-cinematographiques-internationales\/","title":{"rendered":"Le CCM s\u2019allie \u00e0 l\u2019ONMT pour attirer les productions cin\u00e9matographiques internationales"},"content":{"rendered":"<p><strong>Une convention de partenariat a \u00e9t\u00e9 sign\u00e9e, vendredi \u00e0 Rabat, entre l\u2019Office National Marocain du Tourisme (ONMT) et le Centre Cin\u00e9matographique Marocain (CCM), avec pour objectif de promouvoir la destination marocaine aupr\u00e8s des producteurs cin\u00e9matographiques et audiovisuels internationaux.<\/strong><\/p>\n<div class=\"c10\">\n<\/div>\n<p>Cette convention, conclue entre d\u2019une part la ministre du Tourisme, de l\u2019Artisanat du Transport a\u00e9rien et de l\u2019\u00c9conomie sociale, Nadia Fettah Alaoui et le directeur g\u00e9n\u00e9ral de l\u2019ONMT, Adel El Fakir et d\u2019autre part, le ministre de la Culture, de la Jeunesse et des Sports, Othman El Ferdaous et le directeur du CCM, Mohamed Sarim El Haq Fassi Fihri, a pour vocation de mettre en place les synergies n\u00e9cessaires entre le tourisme et la production cin\u00e9matographique. L\u2019objectif \u00e9tant de d\u00e9velopper de nouvelles strat\u00e9gies marketing et de dynamiser l\u2019attractivit\u00e9 de la destination pour accueillir davantage de productions \u00e9trang\u00e8res au Maroc. Ce partenariat pr\u00e9voit \u00e9galement la mise en place d\u2019une plateforme digitale mettant en avant les atouts du Maroc comme destination pour la production cin\u00e9matographique et audiovisuelle et permettant d\u2019informer, renseigner et orienter les entreprises cibles avec les informations n\u00e9cessaires pour introduire leurs demandes.<\/p>\n<p><strong>Lire aussi | <a href=\"https:\/\/www.challenge.ma\/commandes-publiques-les-soumissionnaires-devront-desormais-deposer-et-retirer-les-enveloppes-par-voie-electronique-177905\/\" target=\"_blank\" rel=\"noreferrer noopener\">Commandes publiques : les soumissionnaires devront d\u00e9sormais d\u00e9poser et retirer les enveloppes par voie \u00e9lectronique<\/a><\/strong><\/p>\n<p>\u00c0 noter que le Royaume accueille le tournage de films \u00e9trangers depuis 1919. Les productions cin\u00e9matographiques \u00e9trang\u00e8res jouent un r\u00f4le ind\u00e9niable dans la promotion de la destination Maroc \u00e0 l\u2019international et contribuent \u00e0 l\u2019activit\u00e9 locale notamment dans les secteurs du cin\u00e9ma, de l\u2019h\u00f4tellerie, de la restauration, de la location de voitures, de l\u2019artisanat et de l\u2019a\u00e9rien. Annuellement, le Centre Cin\u00e9matographique Marocain soutient les productions \u00e9trang\u00e8res au travers d\u2019incitations financi\u00e8res avec une enveloppe qui atteint 100 millions de DH.<\/p>\n<p><strong>Lire aussi | <a rel=\"noreferrer noopener\" href=\"https:\/\/www.challenge.ma\/fouzi-lekjaa-premier-marocain-a-sieger-au-comite-executif-de-la-fifa-177865\/\" target=\"_blank\">Fouzi Lekjaa, premier marocain \u00e0 si\u00e9ger au comit\u00e9 ex\u00e9cutif de la FIFA<\/a><\/strong><\/p>\n<p><strong>Avec MAP<\/strong><\/p>\n<p>Auteur: challenge<br \/>\n<a href=\"https:\/\/www.challenge.ma\/le-ccm-sallie-a-lonmt-pour-attirer-les-productions-cinematographiques-internationales-177915\/\">Cliquez ici pour lire l&rsquo;article depuis sa source.<\/a><\/p>\n","protected":false},"excerpt":{"rendered":"<p>Une convention de partenariat a \u00e9t\u00e9 sign\u00e9e, vendredi \u00e0 Rabat, entre l\u2019Office National Marocain du Tourisme (ONMT) et le Centre Cin\u00e9matographique Marocain (CCM), avec pour objectif de promouvoir la destination marocaine aupr\u00e8s des producteurs cin\u00e9matographiques et audiovisuels internationaux. Cette convention, conclue entre d\u2019une part la ministre du Tourisme, de l\u2019Artisanat du Transport a\u00e9rien et de [&hellip;]<\/p>\n","protected":false},"author":1787,"featured_media":0,"comment_status":"closed","ping_status":"closed","sticky":false,"template":"","format":"standard","meta":{"fifu_image_url":"","fifu_image_alt":"","footnotes":""},"categories":[78,54],"tags":[],"class_list":["post-113002","post","type-post","status-publish","format-standard","hentry","category-economie","category-maroc"],"_links":{"self":[{"href":"https:\/\/linitiative.ca\/International\/wp-json\/wp\/v2\/posts\/113002","targetHints":{"allow":["GET"]}}],"collection":[{"href":"https:\/\/linitiative.ca\/International\/wp-json\/wp\/v2\/posts"}],"about":[{"href":"https:\/\/linitiative.ca\/International\/wp-json\/wp\/v2\/types\/post"}],"author":[{"embeddable":true,"href":"https:\/\/linitiative.ca\/International\/wp-json\/wp\/v2\/users\/1787"}],"replies":[{"embeddable":true,"href":"https:\/\/linitiative.ca\/International\/wp-json\/wp\/v2\/comments?post=113002"}],"version-history":[{"count":0,"href":"https:\/\/linitiative.ca\/International\/wp-json\/wp\/v2\/posts\/113002\/revisions"}],"wp:attachment":[{"href":"https:\/\/linitiative.ca\/International\/wp-json\/wp\/v2\/media?parent=113002"}],"wp:term":[{"taxonomy":"category","embeddable":true,"href":"https:\/\/linitiative.ca\/International\/wp-json\/wp\/v2\/categories?post=113002"},{"taxonomy":"post_tag","embeddable":true,"href":"https:\/\/linitiative.ca\/International\/wp-json\/wp\/v2\/tags?post=113002"}],"curies":[{"name":"wp","href":"https:\/\/api.w.org\/{rel}","templated":true}]}}