{"id":113011,"date":"2021-03-12T07:30:42","date_gmt":"2021-03-12T12:30:42","guid":{"rendered":"https:\/\/linitiative.ca\/International\/boulmiougou-nord-le-centenaire-des-ad-celebre-sous-le-signe-de-la-reforme-du-reveil-et-du-rayonnement\/"},"modified":"2021-03-12T07:30:42","modified_gmt":"2021-03-12T12:30:42","slug":"boulmiougou-nord-le-centenaire-des-ad-celebre-sous-le-signe-de-la-reforme-du-reveil-et-du-rayonnement","status":"publish","type":"post","link":"https:\/\/linitiative.ca\/International\/boulmiougou-nord-le-centenaire-des-ad-celebre-sous-le-signe-de-la-reforme-du-reveil-et-du-rayonnement\/","title":{"rendered":"Boulmiougou Nord\u00a0: Le Centenaire des AD c\u00e9l\u00e9br\u00e9 sous le signe de la r\u00e9forme, du r\u00e9veil et du rayonnement"},"content":{"rendered":"<div class=\"td-post-featured-image\"><a href=\"https:\/\/www.sidwaya.info\/wp-content\/uploads\/2021\/03\/ph-cent-1.jpeg\" data-caption=\"\"><img loading=\"lazy\" decoding=\"async\" width=\"696\" height=\"521\" class=\"entry-thumb td-modal-image\" src=\"https:\/\/www.sidwaya.info\/wp-content\/uploads\/2021\/03\/ph-cent-1-696x521.jpeg\" srcset=\"https:\/\/www.sidwaya.info\/wp-content\/uploads\/2021\/03\/ph-cent-1-696x521.jpeg 696w, https:\/\/www.sidwaya.info\/wp-content\/uploads\/2021\/03\/ph-cent-1-300x225.jpeg 300w, https:\/\/www.sidwaya.info\/wp-content\/uploads\/2021\/03\/ph-cent-1-768x575.jpeg 768w, https:\/\/www.sidwaya.info\/wp-content\/uploads\/2021\/03\/ph-cent-1-150x112.jpeg 150w, https:\/\/www.sidwaya.info\/wp-content\/uploads\/2021\/03\/ph-cent-1-561x420.jpeg 561w, https:\/\/www.sidwaya.info\/wp-content\/uploads\/2021\/03\/ph-cent-1-80x60.jpeg 80w, https:\/\/www.sidwaya.info\/wp-content\/uploads\/2021\/03\/ph-cent-1-265x198.jpeg 265w, https:\/\/www.sidwaya.info\/wp-content\/uploads\/2021\/03\/ph-cent-1.jpeg 900w\" sizes=\"auto, (max-width: 696px) 100vw, 696px\" alt=\"\" title=\"ph cent 1\"\/><\/a><\/div>\n<p><strong>Le conseil r\u00e9gional Boulmiougou Nord de l\u2019Eglise des Assembl\u00e9es de Dieu (AD) a organis\u00e9 le lundi 8 mars 2021 \u00e0 Yimdi, la comm\u00e9moration du centenaire de l\u2019arriv\u00e9e de l\u2019\u00e9vangile au Burkina Faso.<\/strong><\/p>\n<p>1921-2021! Cela fait d\u00e9j\u00e0 cent (100) ans que l\u2019\u00e9vangile est venue au Burkina Faso. Des missionnaires sont venus au Burkina braver la faim, la maladie et la mort pour apporter la \u2018\u2019Bonne nouvelle\u2019\u2019 aux habitants du Pays des Hommes Int\u00e8gres. Pour rendre gr\u00e2ce \u00e0 Dieu pour le sacrifice consenti par ces missionnaires, \u00a0l\u2019Eglise des Assembl\u00e9es de Dieu du Burkina Faso c\u00e9l\u00e8bre cette ann\u00e9e le centenaire de l\u2019entr\u00e9e de l\u2019\u00e9vangile au Burkina. Cette comm\u00e9moration est faite par r\u00e9gion.<\/p>\n<p>Le lundi 8 mars 2021, le Conseil r\u00e9gional Boulmiougou Nord des Assembl\u00e9es de Dieu a f\u00eat\u00e9 leur centenaire. Plusieurs activit\u00e9s ont \u00e9maill\u00e9 la c\u00e9l\u00e9bration. Il s\u2019est agi entre autres, de prestations d\u2019artistes et de chorales, de la reconnaissance des Pionniers de la R\u00e9gion et de r\u00e9compense des jeux Bibliques du D\u00e9partement des Enfants des Assembl\u00e9es de Dieu de la r\u00e9gion Boulmiougou Nord (DENAD).<\/p>\n<p>C\u2019est le Dr Phil\u00e9mon Saba qui \u00e0 apporter le message d\u2019\u00e9dification aux fid\u00e8les<em>. \u00ab\u00a0Je voudrais remercier le Seigneur qui m\u2019a donn\u00e9 cette gr\u00e2ce de participer \u00e0 la c\u00e9l\u00e9bration du centenaire dans cette grande r\u00e9gion qu\u2019est la r\u00e9gion de Boulmiougou Nord\u00a0\u00bb,<\/em> a lanc\u00e9 le pr\u00e9dicateur du jour avant de commencer son exhortation.<\/p>\n<p><img decoding=\"async\" loading=\"lazy\" class=\"alignnone wp-image-33326\" src=\"https:\/\/www.sidwaya.info\/wp-content\/uploads\/2021\/03\/ph-cent-3-300x200.jpeg\" alt=\"\" width=\"407\" height=\"271\" srcset=\"https:\/\/www.sidwaya.info\/wp-content\/uploads\/2021\/03\/ph-cent-3-300x200.jpeg 300w, https:\/\/www.sidwaya.info\/wp-content\/uploads\/2021\/03\/ph-cent-3-768x512.jpeg 768w, https:\/\/www.sidwaya.info\/wp-content\/uploads\/2021\/03\/ph-cent-3-150x100.jpeg 150w, https:\/\/www.sidwaya.info\/wp-content\/uploads\/2021\/03\/ph-cent-3-696x464.jpeg 696w, https:\/\/www.sidwaya.info\/wp-content\/uploads\/2021\/03\/ph-cent-3-630x420.jpeg 630w, https:\/\/www.sidwaya.info\/wp-content\/uploads\/2021\/03\/ph-cent-3.jpeg 900w\" sizes=\"auto, (max-width: 407px) 100vw, 407px\"\/>Le Pasteur Phil\u00e9mon Saba a dans son message, inviter l\u2019Eglise \u00e0 ne pas cacher la \u2018\u2019mine\u2019\u2019 que Dieu lui a donn\u00e9. Car selon lui, les premiers missionnaires qui sont venus n\u2019ont pas cach\u00e9 le talent, mais l\u2019on fait valoir, ce qui les conduit \u00e0 venir au Burkina Faso. <em>\u00ab\u00a0Nous \u00e9galement, nous avons cette mission d\u2019aller et faire valoir cette \u2018\u2019mine\u2019\u2019 par la pr\u00e9dication de la \u2018\u2019Bonne Nouvelle\u2019\u2019, par la \u2018\u2019Vie\u2019\u2019 qui est conforme \u00e0 sa parole et que notre t\u00e9moignage puisse aider d\u2019autres personnes \u00e0 venir \u00e0 la connaissance de la \u2018\u2019V\u00e9rit\u00e9\u2019\u2019 qu\u2019est J\u00e9sus-Christ\u00a0\u00bb, a-t-il exhort\u00e9.<\/em> Il a insist\u00e9 en disant que le Chr\u00e9tien ne doit pas cacher sa \u2018\u2019mine\u2019\u2019. Il a de ce fait invit\u00e9 les fid\u00e8les des Assembl\u00e9es de Dieu \u00e0 r\u00e9v\u00e9ler leur identit\u00e9 partout o\u00f9 ils sont J\u00e9sus-Christ de Nazareth.<\/p>\n<p>Selon le pr\u00e9sident de la r\u00e9gion Boulmiougou Nord, le Pasteur Jo\u00ebl Ou\u00e9draogo, le th\u00e8me <em>\u00ab R\u00e9forme, R\u00e9veil et Rayonnement<\/em> \u00bb est \u00e9vocateur. Il a affirm\u00e9 que l\u2019Eglise des Assembl\u00e9es de Dieu est interpell\u00e9 Assembl\u00e9es de Dieu \u00e0 revenir dans les fondamentaux de la bible \u00e0 savoir la r\u00e9forme qui est le retour \u00e0 la parole de Dieu. Il a ajout\u00e9 que les fid\u00e8les sont appel\u00e9s \u00e0 vivre dans le r\u00e9veil afin de transmettre l\u2019\u00e9vangile aux autres peuples qui n\u2019ont pas encore entendu parl\u00e9 de J\u00e9sus. Il fait savoir que l\u2019Eglise des Assembl\u00e9es de Dieu doit rayonner pour remercier Dieu pour tous les prodiges qu\u2019il a op\u00e9rer dans la vie de l\u2019Eglise.<\/p>\n<p>La r\u00e9gion Boulmiougou Nord est compos\u00e9e de deux sous r\u00e9gions \u00e0 savoir la sous-r\u00e9gion num\u00e9ro 1 qui est dirig\u00e9e par les pasteur Alfred Kabor\u00e9 et num\u00e9ro 2 dirig\u00e9e par Etienne Sawadogo. C\u2019est en 2016 que la sous-r\u00e9gion Boulmiougou Nord a \u00e9t\u00e9 cr\u00e9\u00e9 en R\u00e9gion. Boulmiougou Nord compte aujourd\u2019hui cent sept \u00e9glises (107) et 157 pasteurs et onze milles (fid\u00e8les).<\/p>\n<p>Le conseil r\u00e9gional de Boulmiougou Nord ont transmis le flambeau au d\u00e9partement des Enfants des Assembl\u00e9es de Dieu (DENAD) qui repr\u00e9sente la jeune g\u00e9n\u00e9ration et les ont demand\u00e9s d\u2019en prendre soin.<\/p>\n<p><img decoding=\"async\" loading=\"lazy\" class=\"alignnone wp-image-33324\" src=\"https:\/\/www.sidwaya.info\/wp-content\/uploads\/2021\/03\/ph-cent-2-225x300.jpeg\" alt=\"\" width=\"351\" height=\"468\" srcset=\"https:\/\/www.sidwaya.info\/wp-content\/uploads\/2021\/03\/ph-cent-2-225x300.jpeg 225w, https:\/\/www.sidwaya.info\/wp-content\/uploads\/2021\/03\/ph-cent-2-767x1024.jpeg 767w, https:\/\/www.sidwaya.info\/wp-content\/uploads\/2021\/03\/ph-cent-2-768x1025.jpeg 768w, https:\/\/www.sidwaya.info\/wp-content\/uploads\/2021\/03\/ph-cent-2-150x200.jpeg 150w, https:\/\/www.sidwaya.info\/wp-content\/uploads\/2021\/03\/ph-cent-2-300x400.jpeg 300w, https:\/\/www.sidwaya.info\/wp-content\/uploads\/2021\/03\/ph-cent-2-696x929.jpeg 696w, https:\/\/www.sidwaya.info\/wp-content\/uploads\/2021\/03\/ph-cent-2-315x420.jpeg 315w, https:\/\/www.sidwaya.info\/wp-content\/uploads\/2021\/03\/ph-cent-2.jpeg 809w\" sizes=\"auto, (max-width: 351px) 100vw, 351px\"\/>La repr\u00e9sentante de la jeune g\u00e9n\u00e9ration a remerci\u00e9 le conseil pour la confiance qui a \u00e9t\u00e9 plac\u00e9 en eux et a promis de veiller sur le flambeau afin de le transmettre \u00e0 leur tour \u00e0 la g\u00e9n\u00e9ration \u00e0 venir pour continuer l\u2019\u0153uvre.<\/p>\n<p><strong>Wamini Micheline OUEDRAOGO<\/strong><\/p>\n<div class=\"td-a-rec td-a-rec-id-content_bottom tdi_33_9ee td_block_template_1\">\n<p><img loading=\"lazy\" decoding=\"async\" class=\"aligncenter size-full wp-image-27454\" src=\"https:\/\/www.sidwaya.info\/wp-content\/uploads\/2020\/10\/PUB-Bandeau-paiement-mobile-siteweb.jpg\" alt=\"\" width=\"728\" height=\"90\"\/><\/div>\n<p>Auteur: Wamini SIDWAYA<br \/>\n<a href=\"https:\/\/www.sidwaya.info\/blog\/2021\/03\/12\/eglise-des-assemblees-de-dieu-boulmiougou-nord-le-centenaire-celebre-sous-le-signe-de-la-reforme-du-reveil-et-du-rayonnement\/\">Cliquez ici pour lire l&rsquo;article depuis sa source.<\/a><\/p>\n","protected":false},"excerpt":{"rendered":"<p>Le conseil r\u00e9gional Boulmiougou Nord de l\u2019Eglise des Assembl\u00e9es de Dieu (AD) a organis\u00e9 le lundi 8 mars 2021 \u00e0 Yimdi, la comm\u00e9moration du centenaire de l\u2019arriv\u00e9e de l\u2019\u00e9vangile au Burkina Faso. 1921-2021! Cela fait d\u00e9j\u00e0 cent (100) ans que l\u2019\u00e9vangile est venue au Burkina Faso. Des missionnaires sont venus au Burkina braver la faim, [&hellip;]<\/p>\n","protected":false},"author":1816,"featured_media":0,"comment_status":"closed","ping_status":"closed","sticky":false,"template":"","format":"standard","meta":{"fifu_image_url":"https:\/\/www.sidwaya.info\/wp-content\/uploads\/2021\/03\/ph-cent-1-696x521.jpeg","fifu_image_alt":"Boulmiougou Nord\u00a0: Le Centenaire des AD c\u00e9l\u00e9br\u00e9 sous le signe de la r\u00e9forme, du r\u00e9veil et du rayonnement","footnotes":""},"categories":[73,81],"tags":[],"class_list":["post-113011","post","type-post","status-publish","format-standard","hentry","category-actualite","category-burkina-faso"],"_links":{"self":[{"href":"https:\/\/linitiative.ca\/International\/wp-json\/wp\/v2\/posts\/113011","targetHints":{"allow":["GET"]}}],"collection":[{"href":"https:\/\/linitiative.ca\/International\/wp-json\/wp\/v2\/posts"}],"about":[{"href":"https:\/\/linitiative.ca\/International\/wp-json\/wp\/v2\/types\/post"}],"author":[{"embeddable":true,"href":"https:\/\/linitiative.ca\/International\/wp-json\/wp\/v2\/users\/1816"}],"replies":[{"embeddable":true,"href":"https:\/\/linitiative.ca\/International\/wp-json\/wp\/v2\/comments?post=113011"}],"version-history":[{"count":0,"href":"https:\/\/linitiative.ca\/International\/wp-json\/wp\/v2\/posts\/113011\/revisions"}],"wp:attachment":[{"href":"https:\/\/linitiative.ca\/International\/wp-json\/wp\/v2\/media?parent=113011"}],"wp:term":[{"taxonomy":"category","embeddable":true,"href":"https:\/\/linitiative.ca\/International\/wp-json\/wp\/v2\/categories?post=113011"},{"taxonomy":"post_tag","embeddable":true,"href":"https:\/\/linitiative.ca\/International\/wp-json\/wp\/v2\/tags?post=113011"}],"curies":[{"name":"wp","href":"https:\/\/api.w.org\/{rel}","templated":true}]}}