{"id":113012,"date":"2021-03-12T09:44:55","date_gmt":"2021-03-12T14:44:55","guid":{"rendered":"https:\/\/linitiative.ca\/International\/banwa-lycee-provincial-ferme-pour-prime-des-professeurs-impayee\/"},"modified":"2021-03-12T09:44:55","modified_gmt":"2021-03-12T14:44:55","slug":"banwa-lycee-provincial-ferme-pour-prime-des-professeurs-impayee","status":"publish","type":"post","link":"https:\/\/linitiative.ca\/International\/banwa-lycee-provincial-ferme-pour-prime-des-professeurs-impayee\/","title":{"rendered":"Banwa: Lyc\u00e9e Provincial ferm\u00e9 pour prime des professeurs impay\u00e9e"},"content":{"rendered":"<div class=\"td-post-content tagdiv-type\" readability=\"38\">\n<div class=\"td-post-featured-image\"><a href=\"https:\/\/www.sidwaya.info\/wp-content\/uploads\/2021\/03\/banwa.jpeg\" data-caption=\"\"><img loading=\"lazy\" decoding=\"async\" width=\"696\" height=\"460\" class=\"entry-thumb td-modal-image\" src=\"https:\/\/www.sidwaya.info\/wp-content\/uploads\/2021\/03\/banwa-696x460.jpeg\" srcset=\"https:\/\/www.sidwaya.info\/wp-content\/uploads\/2021\/03\/banwa-696x460.jpeg 696w, https:\/\/www.sidwaya.info\/wp-content\/uploads\/2021\/03\/banwa-300x198.jpeg 300w, https:\/\/www.sidwaya.info\/wp-content\/uploads\/2021\/03\/banwa-768x508.jpeg 768w, https:\/\/www.sidwaya.info\/wp-content\/uploads\/2021\/03\/banwa-150x99.jpeg 150w, https:\/\/www.sidwaya.info\/wp-content\/uploads\/2021\/03\/banwa-636x420.jpeg 636w, https:\/\/www.sidwaya.info\/wp-content\/uploads\/2021\/03\/banwa.jpeg 911w\" sizes=\"auto, (max-width: 696px) 100vw, 696px\" alt=\"\" title=\"banwa\"\/><\/a><\/div>\n<p><strong>Les classes sont ferm\u00e9es ce vendredi 12 mars 2021 au Lyc\u00e9e Provincial des Banwa (LPB).<\/strong><\/p>\n<p>Selon le proviseur Paul Marie KORBEOGO, les \u00e9l\u00e8ves sont en composition et certains \u00e9l\u00e8ves ont refus\u00e9 de participer car ils estiment que toutes les mati\u00e8res ne sont pas administr\u00e9es.<br \/>Il affirme que certains professeurs ont refus\u00e9 de remettre les sujets de composition car selon eux les primes des Professeurs Principaux du 3\u00e8 trimestre de l\u2019ann\u00e9e derni\u00e8re 2019-2020.<br \/>Ces primes qui ne peuvent \u00eatre pay\u00e9es par l\u2019administration alors les professeurs gr\u00e9vistes boycottent les activit\u00e9s p\u00e9dagogiques. C\u2019est ainsi que l\u2019Association des Parents d\u2019\u00c9l\u00e8ves a d\u00e9caiss\u00e9 une somme et mettre \u00e0 la disposition du proviseur afin de payer les 26 professeurs en mouvement pour l\u2019apaisement de la situation et la continuit\u00e9 des activit\u00e9s p\u00e9dagogiques. Le proviseur KORBEOGO d\u2019ajouter :\u00a0\u00bbl\u2019argent est rest\u00e9 \u00e0 mon niveau depuis un mois et sur les 26 seuls 14 professeurs ont touch\u00e9 leur prime. Les autres ont refus\u00e9 et exigent le paiement avec des pi\u00e8ces justificatives par l\u2019intendant\u00a0\u00bb.<br \/>Selon le proviseur Paul Marie KORBEOGO les n\u00e9gociations se poursuivent pour le bonheur des enfants et de tous les acteurs.<br \/>Salifou OUEDRAOGO<br \/>correspondant<\/p>\n<div class=\"td-a-rec td-a-rec-id-content_bottom tdi_33_416 td_block_template_1\">\n<p><img loading=\"lazy\" decoding=\"async\" class=\"aligncenter size-full wp-image-27454\" src=\"https:\/\/www.sidwaya.info\/wp-content\/uploads\/2020\/10\/PUB-Bandeau-paiement-mobile-siteweb.jpg\" alt=\"\" width=\"728\" height=\"90\"\/><\/div>\n<\/div>\n<footer>\n<div class=\"td-post-sharing-bottom\">\n<p><iframe frameborder=\"0\" src=\"https:\/\/www.facebook.com\/plugins\/like.php?href=https:\/\/www.sidwaya.info\/blog\/2021\/03\/12\/banwa-lycee-provincial-des-banwa-ferme\/&amp;layout=button_count&amp;show_faces=false&amp;width=105&amp;action=like&amp;colorscheme=light&amp;height=21\" class=\"c1\">[embedded content]<\/iframe><\/p>\n<\/div>\n<div class=\"td-block-row td-post-next-prev\">\n<div class=\"td-block-span6 td-post-prev-post td-post-next-prev-content\"><span>Article pr\u00e9c\u00e9dent<\/span><a href=\"https:\/\/www.sidwaya.info\/blog\/2021\/03\/12\/eglise-des-assemblees-de-dieu-boulmiougou-nord-le-centenaire-celebre-sous-le-signe-de-la-reforme-du-reveil-et-du-rayonnement\/\">Boulmiougou Nord\u00a0: Le Centenaire des AD c\u00e9l\u00e9br\u00e9 sous le signe de la r\u00e9forme, du r\u00e9veil et du rayonnement<\/a><\/div>\n<\/div>\n<p><meta itemprop=\"name\" content=\"BS. Sidwaya\"\/><br \/>\n<meta itemprop=\"datePublished\" content=\"2021-03-12T14:44:55+00:00\"\/><br \/>\n<meta itemprop=\"dateModified\" content=\"2021-03-12T14:58:13+00:00\"\/><br \/>\n<meta itemscope=\"itemscope\" itemprop=\"mainEntityOfPage\" itemtype=\"https:\/\/schema.org\/WebPage\" itemid=\"https:\/\/www.sidwaya.info\/blog\/2021\/03\/12\/banwa-lycee-provincial-des-banwa-ferme\/\"\/><br \/>\n<meta itemprop=\"url\" content=\"https:\/\/www.sidwaya.info\/wp-content\/uploads\/2019\/08\/sidwaya-bon-544-1.jpg\"\/><br \/>\n<meta itemprop=\"name\" content=\"Quotidien Sidwaya\"\/><br \/>\n<meta itemprop=\"headline\" content=\"Banwa: Lyc\u00e9e Provincial ferm\u00e9 pour prime des professeurs impay\u00e9e\"\/><br \/>\n<meta itemprop=\"url\" content=\"https:\/\/www.sidwaya.info\/wp-content\/uploads\/2021\/03\/banwa.jpeg\"\/><br \/>\n<meta itemprop=\"width\" content=\"911\"\/><br \/>\n<meta itemprop=\"height\" content=\"602\"\/><\/footer>\n<p>Auteur: BS. Sidwaya<br \/>\n<a href=\"https:\/\/www.sidwaya.info\/blog\/2021\/03\/12\/banwa-lycee-provincial-des-banwa-ferme\/\">Cliquez ici pour lire l&rsquo;article depuis sa source.<\/a><\/p>\n","protected":false},"excerpt":{"rendered":"<p>Les classes sont ferm\u00e9es ce vendredi 12 mars 2021 au Lyc\u00e9e Provincial des Banwa (LPB). Selon le proviseur Paul Marie KORBEOGO, les \u00e9l\u00e8ves sont en composition et certains \u00e9l\u00e8ves ont refus\u00e9 de participer car ils estiment que toutes les mati\u00e8res ne sont pas administr\u00e9es.Il affirme que certains professeurs ont refus\u00e9 de remettre les sujets de [&hellip;]<\/p>\n","protected":false},"author":1816,"featured_media":0,"comment_status":"closed","ping_status":"closed","sticky":false,"template":"","format":"standard","meta":{"fifu_image_url":"https:\/\/www.sidwaya.info\/wp-content\/uploads\/2021\/03\/banwa-696x460.jpeg","fifu_image_alt":"Banwa: Lyc\u00e9e Provincial ferm\u00e9 pour prime des professeurs impay\u00e9e","footnotes":""},"categories":[73,81],"tags":[],"class_list":["post-113012","post","type-post","status-publish","format-standard","hentry","category-actualite","category-burkina-faso"],"_links":{"self":[{"href":"https:\/\/linitiative.ca\/International\/wp-json\/wp\/v2\/posts\/113012","targetHints":{"allow":["GET"]}}],"collection":[{"href":"https:\/\/linitiative.ca\/International\/wp-json\/wp\/v2\/posts"}],"about":[{"href":"https:\/\/linitiative.ca\/International\/wp-json\/wp\/v2\/types\/post"}],"author":[{"embeddable":true,"href":"https:\/\/linitiative.ca\/International\/wp-json\/wp\/v2\/users\/1816"}],"replies":[{"embeddable":true,"href":"https:\/\/linitiative.ca\/International\/wp-json\/wp\/v2\/comments?post=113012"}],"version-history":[{"count":0,"href":"https:\/\/linitiative.ca\/International\/wp-json\/wp\/v2\/posts\/113012\/revisions"}],"wp:attachment":[{"href":"https:\/\/linitiative.ca\/International\/wp-json\/wp\/v2\/media?parent=113012"}],"wp:term":[{"taxonomy":"category","embeddable":true,"href":"https:\/\/linitiative.ca\/International\/wp-json\/wp\/v2\/categories?post=113012"},{"taxonomy":"post_tag","embeddable":true,"href":"https:\/\/linitiative.ca\/International\/wp-json\/wp\/v2\/tags?post=113012"}],"curies":[{"name":"wp","href":"https:\/\/api.w.org\/{rel}","templated":true}]}}