{"id":113014,"date":"2021-03-12T09:24:28","date_gmt":"2021-03-12T14:24:28","guid":{"rendered":"https:\/\/linitiative.ca\/International\/mortalite-maternelle-et-neonatale-le-cheque-sante-premisse-de-la-couverture-sante-universelle\/"},"modified":"2021-03-12T09:24:28","modified_gmt":"2021-03-12T14:24:28","slug":"mortalite-maternelle-et-neonatale-le-cheque-sante-premisse-de-la-couverture-sante-universelle","status":"publish","type":"post","link":"https:\/\/linitiative.ca\/International\/mortalite-maternelle-et-neonatale-le-cheque-sante-premisse-de-la-couverture-sante-universelle\/","title":{"rendered":"Mortalit\u00e9 maternelle et n\u00e9onatale : le Ch\u00e8que sant\u00e9, pr\u00e9misse de la couverture sant\u00e9 universelle"},"content":{"rendered":"<p>\u00ab Parachever les r\u00e9flexions relatives \u00e0 la mise en place progressive de la couverture sant\u00e9 universelle (CSU).\u00bb L\u2019instruction du pr\u00e9sident de la R\u00e9publique au gouvernement le 31 d\u00e9cembre 2017 a d\u00e9j\u00e0 fix\u00e9 le cap. Dans cette perspective, le ministre de la Sant\u00e9 publique (Minsant\u00e9), Manaouda Malachie, \u00e9tait fin f\u00e9vrier 2021 \u00e0 Douala dans le cadre du plaidoyer pour la CSU aupr\u00e8s des d\u00e9cideurs strat\u00e9giques que sont, entre autres, les organisations patronales. M\u00eame si le patronat est rest\u00e9 visiblement sur sa faim. En attendant, le citoyen ordinaire doit se contenter de certaines actions du Minsat\u00e9 pour avoir un aper\u00e7u de la CSU, \u00e0 l\u2019instar du Programme conjoint Minsant\u00e9-AFD-KFW selon son coordonnateur, Dr Rapha\u00ebl Th\u00e9r\u00e8se Okalla Abodo.<\/p>\n<p><strong>Lire aussi<\/strong> : <a href=\"https:\/\/ecomatin.net\/couverture-sante-universelle-pas-avant-juin-2021\/\">Couverture sant\u00e9 universelle : Pas avant juin 2021<\/a><\/p>\n<p>Dans le sillage des activit\u00e9s organis\u00e9es \u00e0 l\u2019occasion de la Journ\u00e9e internationale de la femme 2021, l\u2019\u00e9dition des \u00ab petits d\u00e9jeuners du C2D \u00bb de mars s\u2019est appesantie sur la \u00ab contribution du C2D \u00e0 la r\u00e9duction de la mortalit\u00e9 maternelle et n\u00e9onatale. \u00bb Question de rappeler \u00e0 la conscience collective qu\u2019aujourd\u2019hui des femmes meurent encore en donnant la vie et que la mortalit\u00e9 maternelle, n\u00e9onatale et infantile reste un probl\u00e8me de sant\u00e9 publique au Cameroun malgr\u00e9 une am\u00e9lioration.<\/p>\n<p>En 2018, le pays affichait 467 d\u00e9c\u00e8s pour 100 000 naissances. Ce chiffre \u00e9tait encore plus alarmant par le pass\u00e9 avec 782 d\u00e9c\u00e8s pour 100 000 naissances en 2011 selon les r\u00e9sultats de l\u2019Enqu\u00eate D\u00e9mographique de Sant\u00e9 (EDS). De 1998 \u00e0 2004, le ratio de mortalit\u00e9 maternelle est pass\u00e9 de 430 \u00e0 669 d\u00e9c\u00e8s pour 100 000 naissances vivantes puis, \u00e0 782 d\u00e9c\u00e8s pour 100 000 naissances vivantes en 2011. Par contre le ratio de mortalit\u00e9 n\u00e9onatale, est pass\u00e9 de 41 d\u00e9c\u00e8s pour 1000 naissances vivantes en 1998 \u00e0 29 d\u00e9c\u00e8s en 2004 puis, \u00e0 31 d\u00e9c\u00e8s en 2011. Quant \u00e0 la mortalit\u00e9 infanto-juv\u00e9nile, elle a faiblement diminu\u00e9 passant de 146 d\u00e9c\u00e8s pour 1000 naissances vivantes en 1998 \u00e0 144 d\u00e9c\u00e8s en 2004, puis 122 d\u00e9c\u00e8s en 2011 (EDS 1998, 2004 et 2011).<\/p>\n<p><strong>Lire aussi<\/strong> : <a href=\"https:\/\/ecomatin.net\/couverture-sante-universelle-lancement-de-la-premiere-phase-des-2021\/\">Couverture Sant\u00e9 Universelle : lancement de la premi\u00e8re phase d\u00e8s 2021<\/a><\/p>\n<p>Le Cameroun doit l\u2019am\u00e9lioration de la courbe des d\u00e9c\u00e8s au projet \u00ab ch\u00e8que sant\u00e9 \u00bb mis en \u0153uvre par le Programme conjoint Minsant\u00e9-AFD-KFW depuis 2015. Le projet est financ\u00e9 \u00e0 36 milliards de Fcfa, dont environ 65% sont des fonds du Contrat de D\u00e9sendettement-D\u00e9veloppement (C2D). \u00c9galement appel\u00e9 \u00ab Bon d\u2019achat \u00bb ou \u00ab Voucher \u00bb, le projet ch\u00e8que sant\u00e9 est une aide financi\u00e8re aux femmes enceintes d\u00e9sireuses de couvrir les co\u00fbts de leur accouchement, y compris ceux li\u00e9s \u00e0 des complications obst\u00e9tricales \u00e9ventuelles et aux urgences n\u00e9cessitant une hospitalisation pour leurs nouveau-n\u00e9s (et ce jusqu\u2019\u00e0 ce qu\u2019il atteigne 42 jours de vie).<\/p>\n<p>Dr Rapha\u00ebl Th\u00e9r\u00e8se Okalla Abodo explique qu\u2019il s\u2019agit d\u2019un m\u00e9canisme assurantiel de prise en charge des soins li\u00e9s \u00e0 la grossesse, \u00e0 l\u2019accouchement et de prise en charge des nouveau-n\u00e9s, qui vise \u00e0 r\u00e9duire les barri\u00e8res financi\u00e8res d\u2019acc\u00e8s aux soins obst\u00e9tricaux et n\u00e9onataux d\u2019une part et \u00e0 am\u00e9liorer la qualit\u00e9 des soins \u00e0 travers un syst\u00e8me d\u2019achat de prestations \u00e0 un juste prix, d\u2019autre part. De mani\u00e8re op\u00e9rationnelle, la femme enceinte ach\u00e8te au prix unique de 6000 Fcfa, un ch\u00e8que sant\u00e9 disponible aupr\u00e8s des centres de sant\u00e9 ayant contractualis\u00e9 avec le projet, ou alors chez des revendeurs conjointement identifi\u00e9s par la Formation sanitaire (Fosa) et la communaut\u00e9, pour les endroits \u00e9loign\u00e9s des Fosa.<\/p>\n<p><strong>Lire aussi<\/strong> : <a href=\"https:\/\/ecomatin.net\/protection-sociale-12-300-milliards-de-fcfa-a-mobiliser-sur-dix-ans\/\">Protection sociale : 12 300 milliards de Fcfa \u00e0 mobiliser sur dix ans<\/a><\/p>\n<p>Actuellement en cours dans les r\u00e9gions de l\u2019Extr\u00eame-Nord, le Nord et l\u2019Adamaoua, le projet a permis l\u2019am\u00e9lioration de la qualit\u00e9 du syst\u00e8me de sant\u00e9 par le financement de l\u2019acquisition de petits \u00e9quipements et la r\u00e9habilitation\/ construction des infrastructures ; l\u2019am\u00e9lioration du syst\u00e8me de r\u00e9f\u00e9rence \u2013 contre r\u00e9f\u00e9rence; l\u2019augmentation de la fr\u00e9quentation des formations sanitaires ; l\u2019am\u00e9lioration en quantit\u00e9 et en qualit\u00e9 des m\u00e9dicaments essentiels par la construction de magasins de stockage, la dotation en m\u00e9dicaments, et le renforcement du processus gestionnaire aupr\u00e8s des D\u00e9l\u00e9gations r\u00e9gionales de la Sant\u00e9 publique.<\/p>\n<p><strong>Lire aussi<\/strong> : <a href=\"https:\/\/ecomatin.net\/securite-sociale-sante-universelle-cameroun-s-a-signe-le-contrat-de-la-csu\/\">S\u00e9curit\u00e9 sociale : Sant\u00e9 universelle Cameroun S.A signe le contrat de la CSU<\/a><\/p>\n<p>Auteur: Philipe NSOA<br \/>\n<a href=\"https:\/\/ecomatin.net\/mortalite-maternelle-et-neonatale-le-cheque-sante-premisse-de-la-couverture-sante-universelle\/\">Cliquez ici pour lire l&rsquo;article depuis sa source.<\/a><\/p>\n","protected":false},"excerpt":{"rendered":"<p>\u00ab Parachever les r\u00e9flexions relatives \u00e0 la mise en place progressive de la couverture sant\u00e9 universelle (CSU).\u00bb L\u2019instruction du pr\u00e9sident de la R\u00e9publique au gouvernement le 31 d\u00e9cembre 2017 a d\u00e9j\u00e0 fix\u00e9 le cap. Dans cette perspective, le ministre de la Sant\u00e9 publique (Minsant\u00e9), Manaouda Malachie, \u00e9tait fin f\u00e9vrier 2021 \u00e0 Douala dans le cadre [&hellip;]<\/p>\n","protected":false},"author":1969,"featured_media":0,"comment_status":"closed","ping_status":"closed","sticky":false,"template":"","format":"standard","meta":{"fifu_image_url":"","fifu_image_alt":"","footnotes":""},"categories":[82,78],"tags":[],"class_list":["post-113014","post","type-post","status-publish","format-standard","hentry","category-cameroun","category-economie"],"_links":{"self":[{"href":"https:\/\/linitiative.ca\/International\/wp-json\/wp\/v2\/posts\/113014","targetHints":{"allow":["GET"]}}],"collection":[{"href":"https:\/\/linitiative.ca\/International\/wp-json\/wp\/v2\/posts"}],"about":[{"href":"https:\/\/linitiative.ca\/International\/wp-json\/wp\/v2\/types\/post"}],"author":[{"embeddable":true,"href":"https:\/\/linitiative.ca\/International\/wp-json\/wp\/v2\/users\/1969"}],"replies":[{"embeddable":true,"href":"https:\/\/linitiative.ca\/International\/wp-json\/wp\/v2\/comments?post=113014"}],"version-history":[{"count":0,"href":"https:\/\/linitiative.ca\/International\/wp-json\/wp\/v2\/posts\/113014\/revisions"}],"wp:attachment":[{"href":"https:\/\/linitiative.ca\/International\/wp-json\/wp\/v2\/media?parent=113014"}],"wp:term":[{"taxonomy":"category","embeddable":true,"href":"https:\/\/linitiative.ca\/International\/wp-json\/wp\/v2\/categories?post=113014"},{"taxonomy":"post_tag","embeddable":true,"href":"https:\/\/linitiative.ca\/International\/wp-json\/wp\/v2\/tags?post=113014"}],"curies":[{"name":"wp","href":"https:\/\/api.w.org\/{rel}","templated":true}]}}