{"id":113015,"date":"2021-03-12T09:47:17","date_gmt":"2021-03-12T14:47:17","guid":{"rendered":"https:\/\/linitiative.ca\/International\/rentree-parlementaire-les-dossiers-chauds-qui-attendent-les-elus-de-la-nation\/"},"modified":"2021-03-12T09:47:17","modified_gmt":"2021-03-12T14:47:17","slug":"rentree-parlementaire-les-dossiers-chauds-qui-attendent-les-elus-de-la-nation","status":"publish","type":"post","link":"https:\/\/linitiative.ca\/International\/rentree-parlementaire-les-dossiers-chauds-qui-attendent-les-elus-de-la-nation\/","title":{"rendered":"Rentr\u00e9e parlementaire: les dossiers chauds qui attendent les \u00e9lus de la nation"},"content":{"rendered":"<p>L\u2019ouverture de la session ordinaire du mois de mars 2021 a eu lieu ce jeudi. Un retour dans les h\u00e9micycles qui s\u2019accompagne d\u2019un certain nombre d\u2019attentes de la part des d\u00e9put\u00e9s et s\u00e9nateurs. Au sein de la Chambre Basse du Parlement, la crise anglophone cristallise les espoirs. L\u2019ouverture d\u2019un d\u00e9bat pr\u00e8s de 5 ans apr\u00e8s le d\u00e9but des affrontements dans les r\u00e9gions du Nord-Ouest et du Sud-Ouest est esp\u00e9r\u00e9e. L\u2019honorable Cabral Libii est de ceux-l\u00e0. Pour le d\u00e9put\u00e9 du Parti Camerounais pour la r\u00e9conciliation nationale (Pcrn), il est temps de passer du discours aux actes.\u00a0\u00a0<em>\u00ab\u00a0<\/em>La doyenne d\u2019\u00e2ge est revenue sur des aspects que nous connaissons tous. M\u00eames ceux sur lesquels nous\u00a0encha\u00eenons\u00a0des discours mais rien n\u2019est v\u00e9ritablement fait.\u00a0\u00a0Notamment la crise anglophone parce que je suis de ceux qui esp\u00e8rent qu\u2019au moins \u00e0 cette session nous allons nous attaquer v\u00e9ritablement \u00e0 cette question.<em>\u00a0\u00bb<\/em><\/p>\n<p><strong>Lire aussi<\/strong> : <a href=\"https:\/\/ecomatin.net\/rentree-parlementaire-la-doyenne-dage-interpelle-le-gouvernement-sur-les-accidents-de-circulation\/\">Rentr\u00e9e parlementaire : la doyenne d\u2019\u00e2ge interpelle le gouvernement sur les accidents de circulation<\/a><\/p>\n<p>M\u00eame son de cloche \u00e0 l\u2019Union d\u00e9mocratique du Cameroun. Un d\u00e9bat sur la crise anglophone doit imp\u00e9rativement \u00eatre fait au sein du Parlement.\u00a0<em>\u00ab\u00a0<\/em>A l\u2019Union d\u00e9mocratique du Cameroun, nous nous attendons \u00e0 ce qu\u2019on aille plus loin que le discours en inscrivant la crise anglophone \u00e0 l\u2019ordre du jour de cette session. Un d\u00e9bat sur la crise anglophone permettra au Parlement plus de 4 apr\u00e8s le d\u00e9but de cette crise, de donner sa vision dans la gestion de cette crise et d\u2019apporter des solutions<em>\u00a0\u00bb\u00a0<\/em>assure l\u2019honorable Koupit Adamou.<\/p>\n<p>Cette pr\u00e9occupation est \u00e9galement au sein de la Chambre Haute du Parlement. Certains s\u00e9nateurs proposent m\u00eame d\u2019aller plus loin. La s\u00e9natrice Aboui Marlyse de l\u2019Alliance nationale pour la d\u00e9mocratie et le progr\u00e8s (Andp) par exemple, esp\u00e8re que le Parlement pourrait d\u00e9p\u00eacher une mission dans le Noso. \u00ab\u00a0Il faut qu\u2019on trouve urgemment des solutions. Si les parlementaires peuvent faire une mission sur le terrain pour dialoguer avec les populations, je pense que ce serait bien\u00a0<em>\u00bb.<\/em><\/p>\n<p><strong>S\u00e9curit\u00e9 routi\u00e8re<\/strong><\/p>\n<p>Outre l\u2019\u00e9ternelle question de la crise anglophone, les accidents sur les axes routiers sont \u00e9galement au c\u0153ur des pr\u00e9occupations des parlementaires. D\u2019ailleurs annoncent-ils une pl\u00e9ni\u00e8re sp\u00e9ciale devrait avoir lieu au cours de cette session. \u00ab\u00a0Nous allons rencontrer le ministre des Transports pour voir comment r\u00e9soudre le probl\u00e8me des accidents sur nos routes. Nous avons perdu beaucoup de compatriotes ces derniers temps. Le R\u00e9seau des parlementaires sur la s\u00e9curit\u00e9 routi\u00e8re est en train d\u2019entreprendre des actions sur ce point. Des travaux sont pr\u00e9vus sur ce point au cours de cette session. Il y aura une pl\u00e9ni\u00e8re avec le ministre des Transports par rapport \u00e0 cette probl\u00e9matique<em>\u00a0\u00bb<\/em>\u00a0confie Marlyse Aboui.<\/p>\n<p><strong>Lire aussi<\/strong> : <a href=\"https:\/\/ecomatin.net\/coronavirus-les-mesures-restrictives-de-lassemblee-nationale\/\">Coronavirus : les mesures restrictives de l\u2019Assembl\u00e9e nationale<\/a><\/p>\n<p>A l\u2019Assembl\u00e9e nationale, les m\u00eames informations circulent au sujet des d\u00e9bats autour de la probl\u00e9matique de la s\u00e9curit\u00e9 routi\u00e8re. Au Social Democratic Front (SDF) l\u2019on esp\u00e8re mettre l\u2019accent sur le volet indemnisation notamment.\u00a0<em>\u00ab\u00a0<\/em>Pendant cette session, nous ne manquerons pas de mettre \u00e0 l\u2019ordre du jour une probl\u00e9matique li\u00e9e \u00e0 nos routes qui sont devenues des mouroirs. Je pense que les d\u00e9put\u00e9s doivent effectivement contr\u00f4ler o\u00f9 vont les charg\u00e9s de refaire nos routes.\u00a0\u00c7a\u00a0a \u00e9t\u00e9 notre souhait. Nous nous sommes battus pour cela. C\u2019est inscrit \u00e0 l\u2019ordre du jour de l\u2019Assembl\u00e9e nous allons d\u00e9battre. Nous verrons si effectivement les fonds destin\u00e9s \u00e0 la r\u00e9fection des routes sont utilis\u00e9s dans le bon sens. Nous allons \u00e9galement questionner les affaires des agences de voyage, questionner la situation d\u2019indemnisation apr\u00e8s un sinistre<em>\u00a0\u00bb\u00a0<\/em>d\u00e9clare l\u2019honorable Benilde Djeumenie<em>.\u00a0\u00a0\u00a0<\/em><\/p>\n<p><strong>Gestion de la crise sanitaire<\/strong><\/p>\n<p>Outre la crise anglophone, les accidents de circulation, la crise sanitaire sera un point sur lequel insistent les parlementaires. L\u2019honorable Cabral Libii entend avoir des explications sur l\u2019usage fait des 90 milliards allou\u00e9s au Cameroun au d\u00e9but de la crise sanitaire en mars 2020. \u00ab\u00a0J\u2019ai d\u00e9couvert que les 90 milliards du Fond mondial que nous avons obtenu il y a pratiquement 8 mois ne sont toujours pas d\u00e9pens\u00e9s. Nous avons vot\u00e9 ici en d\u00e9cembre un Compte d\u2019affectation sp\u00e9cial dont on me dit qu\u2019il n\u2019est pas toujours mobilis\u00e9 alors que les gens sont en train de mourir<em>\u00a0\u00bb<\/em>\u00a0critique le d\u00e9put\u00e9 Pcrn.<\/p>\n<p>Un ensemble d\u2019attentes que seuls les pr\u00e9sidents des deux Chambres pourraient satisfaire\u00a0 en les inscrivant \u00e0 l\u2019ordre du jour sur d\u00e9cision du pr\u00e9sident de la R\u00e9publique. Comme il est de coutume au Cameroun.<\/p>\n<p><strong>Estelle Mouliom<\/strong><\/p>\n<p><strong>Lire aussi<\/strong> : <a href=\"https:\/\/ecomatin.net\/crise-sanitaire-15-ministeres-exclus-du-partage-des-fonds-de-la-covid-19\/\">Crise sanitaire : 15 minist\u00e8res exclus du partage des fonds de la Covid-19<\/a><\/p>\n<p>Auteur: EcoMatin<br \/>\n<a href=\"https:\/\/ecomatin.net\/rentree-parlementaire-les-dossiers-chauds-qui-attendent-les-elus-de-la-nation\/\">Cliquez ici pour lire l&rsquo;article depuis sa source.<\/a><\/p>\n","protected":false},"excerpt":{"rendered":"<p>L\u2019ouverture de la session ordinaire du mois de mars 2021 a eu lieu ce jeudi. Un retour dans les h\u00e9micycles qui s\u2019accompagne d\u2019un certain nombre d\u2019attentes de la part des d\u00e9put\u00e9s et s\u00e9nateurs. Au sein de la Chambre Basse du Parlement, la crise anglophone cristallise les espoirs. L\u2019ouverture d\u2019un d\u00e9bat pr\u00e8s de 5 ans apr\u00e8s [&hellip;]<\/p>\n","protected":false},"author":1969,"featured_media":0,"comment_status":"closed","ping_status":"closed","sticky":false,"template":"","format":"standard","meta":{"fifu_image_url":"","fifu_image_alt":"","footnotes":""},"categories":[82,78],"tags":[],"class_list":["post-113015","post","type-post","status-publish","format-standard","hentry","category-cameroun","category-economie"],"_links":{"self":[{"href":"https:\/\/linitiative.ca\/International\/wp-json\/wp\/v2\/posts\/113015","targetHints":{"allow":["GET"]}}],"collection":[{"href":"https:\/\/linitiative.ca\/International\/wp-json\/wp\/v2\/posts"}],"about":[{"href":"https:\/\/linitiative.ca\/International\/wp-json\/wp\/v2\/types\/post"}],"author":[{"embeddable":true,"href":"https:\/\/linitiative.ca\/International\/wp-json\/wp\/v2\/users\/1969"}],"replies":[{"embeddable":true,"href":"https:\/\/linitiative.ca\/International\/wp-json\/wp\/v2\/comments?post=113015"}],"version-history":[{"count":0,"href":"https:\/\/linitiative.ca\/International\/wp-json\/wp\/v2\/posts\/113015\/revisions"}],"wp:attachment":[{"href":"https:\/\/linitiative.ca\/International\/wp-json\/wp\/v2\/media?parent=113015"}],"wp:term":[{"taxonomy":"category","embeddable":true,"href":"https:\/\/linitiative.ca\/International\/wp-json\/wp\/v2\/categories?post=113015"},{"taxonomy":"post_tag","embeddable":true,"href":"https:\/\/linitiative.ca\/International\/wp-json\/wp\/v2\/tags?post=113015"}],"curies":[{"name":"wp","href":"https:\/\/api.w.org\/{rel}","templated":true}]}}