{"id":113016,"date":"2021-03-12T11:36:47","date_gmt":"2021-03-12T16:36:47","guid":{"rendered":"https:\/\/linitiative.ca\/International\/eaux-minerales-au-dela-de-laffaire-sano-le-probleme-de-la-certification\/"},"modified":"2021-03-12T11:36:47","modified_gmt":"2021-03-12T16:36:47","slug":"eaux-minerales-au-dela-de-laffaire-sano-le-probleme-de-la-certification","status":"publish","type":"post","link":"https:\/\/linitiative.ca\/International\/eaux-minerales-au-dela-de-laffaire-sano-le-probleme-de-la-certification\/","title":{"rendered":"Eaux min\u00e9rales : au-del\u00e0 de l\u2019affaire Sano, le probl\u00e8me de la certification"},"content":{"rendered":"<p>L\u2019actualit\u00e9 a \u00e9t\u00e9 polaris\u00e9e en fin de semaine derni\u00e8re par \u00ab l\u2019affaire Sano \u00bb, en r\u00e9f\u00e9rence \u00e0 la suspension le 4 mars dernier pour une dur\u00e9e de six mois de l\u2019entreprise \u00e9ponyme, par le ministre des Mines, de l\u2019Industrie et de D\u00e9veloppement Technologique, Gabriel Dodo Ndok\u00e9. Le lendemain, la Brigade Nationale de Contr\u00f4le et de r\u00e9pression des fraudes a proc\u00e9d\u00e9 au retrait syst\u00e9matique des produits Sano cibl\u00e9s sur le march\u00e9 camerounais. Les pouvoirs publics contestent entre autres \u00e0 cette entreprise l\u2019usurpation de la d\u00e9nomination \u00ab Eau min\u00e9rale naturelle \u00bb \u00e9tiquet\u00e9e sur ses produits alors qu\u2019\u00e0 l\u2019analyse des \u00e9chantillons, elle est non-conforme aux exigences normatives, et ne peut dont pas \u00eatre consid\u00e9r\u00e9e comme telle. C\u2019est d\u2019ailleurs l\u2019une des raisons pour lesquelles l\u2019Agence de la Norme et de la Qualit\u00e9 (Anor), a rejet\u00e9 le 26 f\u00e9vrier dernier sa demande de certification.<\/p>\n<p><strong>Lire aussi<\/strong> : <a href=\"https:\/\/ecomatin.net\/le-ministre-du-commerce-ordonne-le-retrait-sur-le-marche-des-produits-sano\/\">Le Ministre du Commerce ordonne le retrait sur le march\u00e9 des produits SANO<\/a><\/p>\n<p>Les responsables de l\u2019entreprise ont plus ou moins reconnu, au cours d\u2019une conf\u00e9rence de presse vendredi dernier \u00e0 Douala, que leur produit appartient plut\u00f4t \u00e0 la cat\u00e9gorie \u00ab Eau de source \u00bb, qui diff\u00e8re de l\u2019 \u00ab Eau min\u00e9rale naturelle \u00bb dans sa composition. D\u2019apr\u00e8s la \u00ab Norme Camerounaise NC 05 : 2001-02 \u00bb \u00e9dit\u00e9e pour la premi\u00e8re fois en 2001 par la Cellule de Normalisation et de la Qualit\u00e9, ce qui deviendra plus tard l\u2019Anor, l\u2019 \u00ab Eau min\u00e9rale naturelle \u00bb est caract\u00e9ris\u00e9e par sa teneur en certains sels min\u00e9raux, les proportions de ces sels et la pr\u00e9sence d\u2019oligo-\u00e9l\u00e9ments ou d\u2019autres constituants ; elle provient directement de nappes souterraines par des \u00e9mergences naturelles ou forc\u00e9es, pour lesquelles toutes les pr\u00e9cautions devraient \u00eatre prises afin d\u2019\u00e9viter toute pollution ou influence ext\u00e9rieure sur ses propri\u00e9t\u00e9s physiques et chimiques.<\/p>\n<p><strong>Lire aussi<\/strong> : <a href=\"https:\/\/ecomatin.net\/affaire-sano-lentreprise-defend-la-mineralite-de-son-eau\/\">Affaire Sano : l\u2019entreprise d\u00e9fend la min\u00e9ralit\u00e9 de son eau<\/a><\/p>\n<p>Elle est compos\u00e9e de substances ne pouvant pas exc\u00e9der les chiffres suivant : \u00ab Antimoine : 0,005 mg\/l ; Arsenic 0,05mg\/l ; Barium : 1mg\/l ; Borate : 5mg\/l ; Cadmium : 0,003mg\/l ; Chrome : 0,05mg\/l ; Cuivre : 1mg\/l ; Cyanure : 0,07mg\/l ; Plomb : 0,01mg\/l, Mangan\u00e8se : 2mg\/l ; Mercure : 0,001mg\/l ; Nickel : 0 ;02mg\/l ; Nitrate : 50mg\/l ; Nitrite : 0,02mg\/l ; S\u00e9l\u00e9nium : 0,05mg\/l \u00bb.<\/p>\n<p><strong>Capharna\u00fcm<\/strong><\/p>\n<p>Il n\u2019est pas superflu de rappeler que l\u2019usage par Sano de l\u2019\u00e9tiquette \u00ab Eau min\u00e9rale naturelle \u00bb n\u2019est que l\u2019arbre qui cache la for\u00eat car, plusieurs autres distributeurs d\u2019eaux, sinon la quasi-totalit\u00e9, portent cette inscription sur leurs produits. Et pourtant, \u00e0 l\u2019\u00e9preuve des faits, ces eaux ne remplissent pas toutes les exigences normatives et de qualit\u00e9 qui permettent de les classifier dans cette cat\u00e9gorie de prestige, quoique faiblement min\u00e9ralis\u00e9e pour certaines. Elles sont pour la plupart des \u00ab eaux potable destin\u00e9e \u00e0 la consommation humaine \u00bb.<\/p>\n<p><strong>Lire aussi<\/strong> : <a href=\"https:\/\/ecomatin.net\/exploitation-et-de-conditionnement-deau-lentreprise-sano-suspendue-pour-6-mois\/\">Exploitation et conditionnement d\u2019eau : l\u2019entreprise SANO suspendue pour 6 mois<\/a><\/p>\n<p>Une tromperie sur la marchandise qui a prosp\u00e9r\u00e9 et est d\u00e9sormais \u00e9rig\u00e9e en r\u00e8gle au grand dam des consommateurs, qui sont les seules vraies victimes de ces produits frauduleux, avec des cons\u00e9quences n\u00e9fastes inestimables sur leur sant\u00e9. \u00ab On a beaucoup d\u2019eau de forage sur le march\u00e9, mais qui s\u2019arrogent les titres d\u2019eau min\u00e9rale naturelle. D\u2019ici peu de temps, nous allons lancer ce qu\u2019on appelle le ranking pour permettre aux uns et aux autres de savoir quelles sont les eaux et leur cat\u00e9gorie, parce qu\u2019il y a beaucoup de flou dans ce secteur. Jusqu\u2019ici, les producteurs de ces produits n\u2019ont pas toujours \u00e9t\u00e9 sinc\u00e8res avec les consommateurs. Il y a beaucoup d\u2019abus, beaucoup de mensonges \u00bb, d\u00e9plore Francis Eyala, le pr\u00e9sident du R\u00e9seau national des consommateurs (Rnc), une entit\u00e9 de d\u00e9fense des int\u00e9r\u00eats des consommateurs.<\/p>\n<p><strong>Responsabilit\u00e9 partag\u00e9e dans l\u2019affaire Sano<\/strong><\/p>\n<p>L\u2019affaire Sano a mis en sc\u00e8ne trois principales administrations directement concern\u00e9es par le secteur des eaux min\u00e9rales, chacune dans son domaine de comp\u00e9tence. La premi\u00e8re \u00e0 avoir port\u00e9 le tocsin est le minist\u00e8re des Mines, de l\u2019Industrie et du D\u00e9veloppement technologique, qui a prononc\u00e9 la sanction relative \u00e0 la suspension des activit\u00e9s de l\u2019entreprise Sano, officiellement pour \u00ab non-respect des normes d\u2019exploitation et de conditionnement des bouteilles et des bonbonnes d\u2019eau destin\u00e9es \u00e0 la consommation du public \u00bb.<\/p>\n<p><strong>Lire aussi<\/strong> : <a href=\"https:\/\/ecomatin.net\/eaux-minerales-une-consommation-de-220-millions-de-litres-en-augmentation-de-6\/\">Eaux min\u00e9rales\u00a0: Une consommation de 220 millions de litres, en augmentation de 6%<\/a><\/p>\n<p>Une d\u00e9cision qui intervient moins d\u2019un an apr\u00e8s que le parton de ce d\u00e9partement minist\u00e9riel, Gabriel Dodo Ndok\u00e9, a autoris\u00e9 \u00e0 cette entreprise \u00ab l\u2019implantation et l\u2019exploitation compl\u00e9mentaire d\u2019un \u00e9tablissement de premi\u00e8re classe (\u2026) pour la production et la commercialisation de l\u2019eau min\u00e9rale, des jus de fruits, et des boissons hygi\u00e9niques \u00bb, lit-on dans la correspondance du ministre adress\u00e9e au directeur g\u00e9n\u00e9ral de Sano SA le 28 avril 2020. Selon toute vraisemblance, Gabriel Dodo Ndoke avait donn\u00e9 son accord de principe sans que ses \u00e9quipes ne proc\u00e8dent \u00e0 des contr\u00f4les syst\u00e9miques sur le terrain. Ce qui aurait sans nul doute permis de d\u00e9celer beaucoup plut\u00f4t l\u2019ensemble des dysfonctionnements reproch\u00e9s \u00e0 l\u2019entreprise.<\/p>\n<p>De son c\u00f4t\u00e9, l\u2019Agence des Normes et de la Qualit\u00e9 du Cameroun (Anor) a brill\u00e9 par un laxisme et une lenteur administrative l\u00e9gendaire dans le traitement de la demande de certification de l\u2019entreprise. Celle-ci la lui avait adress\u00e9e le 21 janvier 2020, et c\u2019est plus d\u2019un an apr\u00e8s que le directeur de l\u2019Anor a jug\u00e9 utile d\u2019y apporter une r\u00e9ponse. \u00ab J\u2019ai l\u2019honneur de porter \u00e0 votre connaissance qu\u2019apr\u00e8s \u00e9valuation de vos produits de marque Sano, il a \u00e9t\u00e9 constat\u00e9 que les \u00e9tiquettes des eaux bouteille (1,5l et 500ml) et des boissons gazeuses sont non-conformes aux exigences normatives \u00bb, avait r\u00e9pliqu\u00e9 le directeur g\u00e9n\u00e9ral de l\u2019Anor, Charles Boto A Ngon, au directeur g\u00e9n\u00e9ral de Sano le 26 f\u00e9vrier 2021.<\/p>\n<p><strong>Lire aussi<\/strong> : <a href=\"https:\/\/ecomatin.net\/eaux-minerales-source-du-pays-reste-le-leader-du-marche\/\">Eaux min\u00e9rales : Source du Pays reste le leader du march\u00e9<\/a><\/p>\n<p>Entretemps, le consommateur aura pay\u00e9 le plus lourd tribut avec des pr\u00e9judices certains sur sa sant\u00e9, \u00e0 cause de ces dysfonctionnements administratifs qui pourraient \u00eatre \u00e9galement imput\u00e9s au minist\u00e8re du Commerce avec sa Brigade nationale des contr\u00f4les et de la r\u00e9pression des fraudes. Celle-ci a \u00e9galement manqu\u00e9 de vigilance et a brill\u00e9 par une absence de contr\u00f4les dans ce secteur surtout \u00e0 l\u2019\u00e8re de sa lib\u00e9ralisation, ayant l\u2019attention d\u00e9tourn\u00e9e plut\u00f4t vers d\u2019autres produits de grandes consommation. Il va sans dire que dans la chaine des responsabilit\u00e9s, si l\u2019entreprise est reproch\u00e9e d\u2019avoir usurp\u00e9 d\u2019une \u00e9tiquette qui ne lui \u00e9tait pas due, entre autres, il n\u2019en demeure pas moins vrai que les diff\u00e9rentes administrations concern\u00e9es sont responsables d\u2019avoir livr\u00e9 le consommateur sur l\u2019autel du capitalisme \u00e0 tout prix.<\/p>\n<p><strong>Lire aussi<\/strong> : <a href=\"https:\/\/ecomatin.net\/la-semc-enregistre-une-perte-de-65-millions-de-fcfa-sur-ses-benefices-au-1er-semestre-2020\/\">La Semc enregistre une perte de 65 millions de FCFA au 1er semestre 2020<\/a><\/p>\n<p>Auteur: Yannick KENNE<br \/>\n<a href=\"https:\/\/ecomatin.net\/eaux-minerales-au-dela-de-laffaire-sano-le-probleme-de-la-certification\/\">Cliquez ici pour lire l&rsquo;article depuis sa source.<\/a><\/p>\n","protected":false},"excerpt":{"rendered":"<p>L\u2019actualit\u00e9 a \u00e9t\u00e9 polaris\u00e9e en fin de semaine derni\u00e8re par \u00ab l\u2019affaire Sano \u00bb, en r\u00e9f\u00e9rence \u00e0 la suspension le 4 mars dernier pour une dur\u00e9e de six mois de l\u2019entreprise \u00e9ponyme, par le ministre des Mines, de l\u2019Industrie et de D\u00e9veloppement Technologique, Gabriel Dodo Ndok\u00e9. Le lendemain, la Brigade Nationale de Contr\u00f4le et de [&hellip;]<\/p>\n","protected":false},"author":1969,"featured_media":0,"comment_status":"closed","ping_status":"closed","sticky":false,"template":"","format":"standard","meta":{"fifu_image_url":"","fifu_image_alt":"","footnotes":""},"categories":[82,78],"tags":[],"class_list":["post-113016","post","type-post","status-publish","format-standard","hentry","category-cameroun","category-economie"],"_links":{"self":[{"href":"https:\/\/linitiative.ca\/International\/wp-json\/wp\/v2\/posts\/113016","targetHints":{"allow":["GET"]}}],"collection":[{"href":"https:\/\/linitiative.ca\/International\/wp-json\/wp\/v2\/posts"}],"about":[{"href":"https:\/\/linitiative.ca\/International\/wp-json\/wp\/v2\/types\/post"}],"author":[{"embeddable":true,"href":"https:\/\/linitiative.ca\/International\/wp-json\/wp\/v2\/users\/1969"}],"replies":[{"embeddable":true,"href":"https:\/\/linitiative.ca\/International\/wp-json\/wp\/v2\/comments?post=113016"}],"version-history":[{"count":0,"href":"https:\/\/linitiative.ca\/International\/wp-json\/wp\/v2\/posts\/113016\/revisions"}],"wp:attachment":[{"href":"https:\/\/linitiative.ca\/International\/wp-json\/wp\/v2\/media?parent=113016"}],"wp:term":[{"taxonomy":"category","embeddable":true,"href":"https:\/\/linitiative.ca\/International\/wp-json\/wp\/v2\/categories?post=113016"},{"taxonomy":"post_tag","embeddable":true,"href":"https:\/\/linitiative.ca\/International\/wp-json\/wp\/v2\/tags?post=113016"}],"curies":[{"name":"wp","href":"https:\/\/api.w.org\/{rel}","templated":true}]}}