{"id":113020,"date":"2021-03-13T09:30:50","date_gmt":"2021-03-13T14:30:50","guid":{"rendered":"https:\/\/linitiative.ca\/International\/la-caf-ou-comment-le-maroc-a-coupe-lherbe-sous-les-pieds-des-separatistes\/"},"modified":"2021-03-13T09:30:50","modified_gmt":"2021-03-13T14:30:50","slug":"la-caf-ou-comment-le-maroc-a-coupe-lherbe-sous-les-pieds-des-separatistes","status":"publish","type":"post","link":"https:\/\/linitiative.ca\/International\/la-caf-ou-comment-le-maroc-a-coupe-lherbe-sous-les-pieds-des-separatistes\/","title":{"rendered":"La CAF ou comment le Maroc a coup\u00e9 l\u2019herbe sous les pieds des s\u00e9paratistes"},"content":{"rendered":"<header>\n<div class=\"entry-post-meta\">\n<div class=\"author-link\">Publi\u00e9 par <a itemprop=\"author\" itemscope=\"itemscope\" itemtype=\"https:\/\/schema.org\/Person\" href=\"https:\/\/aujourdhui.ma\/author\/kaid\" rel=\"author\"><span itemprop=\"name\">ALM<\/span><\/a><\/div>\n<p>Date\u00a0:<time content=\"2021-03-13T15:30:50+01:00\" class=\"entry-date updated\" datetime=\"2021-03-13T15:30:50+01:00\">mars 13, 2021<\/time><\/p>\n<div class=\"entry-cat\">dans:<a href=\"https:\/\/aujourdhui.ma\/category\/sports\" rel=\"category tag\">Sports<\/a>, <a href=\"https:\/\/aujourdhui.ma\/category\/une\" rel=\"category tag\">Une<\/a><\/div>\n<p>207Vues<\/p>\n<\/div>\n<\/header>\n<div class=\"entry-content clearfix\" readability=\"59\">\n<figure class=\"post-thumbnail\" itemprop=\"associatedMedia\" itemscope=\"itemscope\" itemtype=\"http:\/\/schema.org\/ImageObject\"><img decoding=\"async\" class=\"post_layout_5_img\" src=\"http:\/\/aujourdhui.ma\/wp-content\/uploads\/2018\/07\/Faouzi-Lekjaa-FRMF.jpg\" alt=\"La CAF ou comment le Maroc a coup\u00e9 l\u2019herbe sous les pieds des s\u00e9paratistes\"\/><\/figure>\n<p><span class=\"c5\"><strong>Nouvelle d\u00e9faite pour les ennemis de l\u2019int\u00e9grit\u00e9 territoriale.<\/strong><span id=\"more-370945\"\/><\/span><\/p>\n<p>A travers l\u2019amendement de l\u2019article 4 des statuts de la Conf\u00e9d\u00e9ration africaine de football (CAF), cette derni\u00e8re n\u2019acceptera jamais des \u00e9tats fantoches. \u201cNous entrons de plain-pied dans la l\u00e9galit\u00e9 internationale\u201d, a affirm\u00e9 M. Hamza El Hajoui, 1er vice-pr\u00e9sident de la F\u00e9d\u00e9ration royale marocaine de football (FRMF).<\/p>\n<p>\u201cAucun Etat non membre de l\u2019ONU ne peut si\u00e9ger au sein d\u2019une instance internationale \u00e0 caract\u00e8re culturel, sportif ou autres\u201d, a-t-il d\u00e9clar\u00e9 \u00e0 la MAP, en r\u00e9action \u00e0 l\u2019amendement de cet article, lors de la 43\u00e8 assembl\u00e9e g\u00e9n\u00e9rale ordinaire et \u00e9lective de la CAF, tenue vendredi \u00e0 Rabat.<\/p>\n<p>L\u2019article 4 des statuts de la CAF stipulait que la Conf\u00e9d\u00e9ration est ouverte \u00e0 toutes candidatures d\u2019associations nationales africaines comme repr\u00e9sentants officiels g\u00e9rant le football dans leurs pays respectifs.<\/p>\n<p>Selon l\u2019amendement pr\u00e9sent\u00e9 par le pr\u00e9sident de la FRMF, Fouzi Lekjaa, seuls les repr\u00e9sentants des pays ind\u00e9pendants et membres de l\u2019ONU sont admis au sein de la CAF.<\/p>\n<\/div>\n<p>Auteur: ALM<br \/>\n<a href=\"https:\/\/aujourdhui.ma\/une\/la-caf-ou-comment-le-maroc-a-coupe-lherbe-sous-les-pieds-des-separatistes\">Cliquez ici pour lire l&rsquo;article depuis sa source.<\/a><\/p>\n","protected":false},"excerpt":{"rendered":"<p>Publi\u00e9 par ALM Date\u00a0:mars 13, 2021 dans:Sports, Une 207Vues Nouvelle d\u00e9faite pour les ennemis de l\u2019int\u00e9grit\u00e9 territoriale. A travers l\u2019amendement de l\u2019article 4 des statuts de la Conf\u00e9d\u00e9ration africaine de football (CAF), cette derni\u00e8re n\u2019acceptera jamais des \u00e9tats fantoches. \u201cNous entrons de plain-pied dans la l\u00e9galit\u00e9 internationale\u201d, a affirm\u00e9 M. Hamza El Hajoui, 1er vice-pr\u00e9sident [&hellip;]<\/p>\n","protected":false},"author":1759,"featured_media":0,"comment_status":"closed","ping_status":"closed","sticky":false,"template":"","format":"standard","meta":{"fifu_image_url":"http:\/\/aujourdhui.ma\/wp-content\/uploads\/2018\/07\/Faouzi-Lekjaa-FRMF.jpg","fifu_image_alt":"La CAF ou comment le Maroc a coup\u00e9 l\u2019herbe sous les pieds des s\u00e9paratistes","footnotes":""},"categories":[73,54],"tags":[],"class_list":["post-113020","post","type-post","status-publish","format-standard","hentry","category-actualite","category-maroc"],"_links":{"self":[{"href":"https:\/\/linitiative.ca\/International\/wp-json\/wp\/v2\/posts\/113020","targetHints":{"allow":["GET"]}}],"collection":[{"href":"https:\/\/linitiative.ca\/International\/wp-json\/wp\/v2\/posts"}],"about":[{"href":"https:\/\/linitiative.ca\/International\/wp-json\/wp\/v2\/types\/post"}],"author":[{"embeddable":true,"href":"https:\/\/linitiative.ca\/International\/wp-json\/wp\/v2\/users\/1759"}],"replies":[{"embeddable":true,"href":"https:\/\/linitiative.ca\/International\/wp-json\/wp\/v2\/comments?post=113020"}],"version-history":[{"count":0,"href":"https:\/\/linitiative.ca\/International\/wp-json\/wp\/v2\/posts\/113020\/revisions"}],"wp:attachment":[{"href":"https:\/\/linitiative.ca\/International\/wp-json\/wp\/v2\/media?parent=113020"}],"wp:term":[{"taxonomy":"category","embeddable":true,"href":"https:\/\/linitiative.ca\/International\/wp-json\/wp\/v2\/categories?post=113020"},{"taxonomy":"post_tag","embeddable":true,"href":"https:\/\/linitiative.ca\/International\/wp-json\/wp\/v2\/tags?post=113020"}],"curies":[{"name":"wp","href":"https:\/\/api.w.org\/{rel}","templated":true}]}}