{"id":113021,"date":"2021-03-13T10:19:24","date_gmt":"2021-03-13T15:19:24","guid":{"rendered":"https:\/\/linitiative.ca\/International\/deminentes-personnalites-portugaises-appellent-au-soutien-de-lintegrite-territoriale-du-royaume\/"},"modified":"2021-03-13T10:19:24","modified_gmt":"2021-03-13T15:19:24","slug":"deminentes-personnalites-portugaises-appellent-au-soutien-de-lintegrite-territoriale-du-royaume","status":"publish","type":"post","link":"https:\/\/linitiative.ca\/International\/deminentes-personnalites-portugaises-appellent-au-soutien-de-lintegrite-territoriale-du-royaume\/","title":{"rendered":"D\u2019\u00e9minentes personnalit\u00e9s portugaises appellent au soutien  de l\u2019int\u00e9grit\u00e9 territoriale du Royaume"},"content":{"rendered":"<figure class=\"post-thumbnail\" itemprop=\"associatedMedia\" itemscope=\"itemscope\" itemtype=\"http:\/\/schema.org\/ImageObject\"><img decoding=\"async\" class=\"post_layout_5_img\" src=\"http:\/\/aujourdhui.ma\/wp-content\/uploads\/2021\/03\/Premier-ministre-portugais-Antonio-Costa.jpg\" alt=\"D\u2019\u00e9minentes personnalit\u00e9s portugaises appellent au soutien de l\u2019int\u00e9grit\u00e9 territoriale du Royaume\"\/><\/figure>\n<p><span class=\"c5\"><strong>Elles soulignent la n\u00e9cessit\u00e9 pour l\u2019Europe de voir un Maghreb stable et prosp\u00e8re.<\/strong><\/span><span id=\"more-370950\"\/><\/p>\n<p>Dans une lettre adress\u00e9e au <span class=\"c6\"><strong>Premier ministre portugais Antonio Costa<\/strong><\/span>, en tant que Pr\u00e9sident du Conseil de l\u2019Union europ\u00e9enne, et publi\u00e9e, samedi, par le journal \u00abDiario de Noticias\u00bb, des hautes personnalit\u00e9s portugaises, dont d\u2019anciens ministres, des d\u00e9put\u00e9s et des diplomates, appellent au soutien de l\u2019int\u00e9grit\u00e9 territoriale du Royaume dans le but d\u2019emp\u00eacher la d\u00e9stabilisation du Maghreb men\u00e9e par le polisario. \u00abNous pensons que vous conviendrez qu\u2019un Maghreb stable et prosp\u00e8re est \u00e0 la fois un imp\u00e9ratif et un objectif qui m\u00e9rite toute l\u2019attention du Portugal et de l\u2019Europe\u00bb, \u00e9crivent-elles.<\/p>\n<p>Ces personnalit\u00e9s, dont l\u2019ancien ministre portugais des Affaires \u00e9trang\u00e8res et vice-premier ministre Paulo Portas, des membres du Parti socialiste d\u00e9mocrate (PSD) et du Parti Socialiste (PS), soulignent la n\u00e9cessit\u00e9 pour l\u2019Europe de voir un Maghreb stable et prosp\u00e8re.<\/p>\n<p>Les signataires de cette lettre se d\u00e9clarent \u00e9galement pr\u00e9occup\u00e9s par les cons\u00e9quences n\u00e9fastes que pourraient avoir la prolongation ind\u00e9finie du statu quo et une impasse politique dans la r\u00e9solution du conflit r\u00e9gional autour du Sahara. \u00ab Cette situation s\u2019est aggrav\u00e9e r\u00e9cemment avec les actes de d\u00e9stabilisation men\u00e9s par le groupe du polisario dans une zone hautement strat\u00e9gique et dont la stabilit\u00e9 est \u00e9troitement li\u00e9e \u00e0 celle du continent africain, de la r\u00e9gion du Sahel et m\u00eame du bassin m\u00e9diterran\u00e9en \u00bb, a-t-on averti.<\/p>\n<p>Ces personnalit\u00e9s influentes rappellent \u00e9galement que r\u00e9cemment les \u00c9tats Unis d\u2019Am\u00e9rique et plusieurs pays ont reconnu la souverainet\u00e9 du Maroc sur ses provinces sahariennes. Elles mettent en exergue dans ce contexte l\u2019ouverture, par plusieurs \u00c9tats, de consulats dans les villes de La\u00e2youne et Dakhla. \u00able Maroc est un pays ami, avec lequel nous partageons une fronti\u00e8re maritime commune et des int\u00e9r\u00eats politiques et \u00e9conomiques\u00bb, a-t-on soulign\u00e9.<\/p>\n<p>Par ailleurs, les signataires de cette lettre affirment que le Portugal devrait suivre cette dynamique et, sous sa pr\u00e9sidence du Conseil de l\u2019Union europ\u00e9enne, amener l\u2019Europe \u00e0 adopter des positions beaucoup plus constructives. Selon Diario de Noticias, la liste des signataires comprend notamment Jos\u00e9 Luis Arnaut, ancien ministre de la Pr\u00e9sidence, Antonio Figueiredo Lopes, ancien ministre de la D\u00e9fense Nationale et de l\u2019Int\u00e9rieur, Paulo Neves, d\u00e9put\u00e9 du PSD de la R\u00e9gion autonome de Mad\u00e8re, Jorge Lac\u00e3o, d\u00e9put\u00e9 PS et vice-pr\u00e9sident de l\u2019Assembl\u00e9e de la R\u00e9publique dans la pr\u00e9c\u00e9dente l\u00e9gislature 2015-2019 et Lu\u00eds Leite Ramos, d\u00e9put\u00e9 PSD et actuel Pr\u00e9sident du Groupe d\u2019Amiti\u00e9 parlementaire Portugal-Maroc.<\/p>\n<p>Auteur: ALM<br \/>\n<a href=\"https:\/\/aujourdhui.ma\/actualite\/deminentes-personnalites-portugaises-appellent-au-soutien-de-lintegrite-territoriale-du-royaume\">Cliquez ici pour lire l&rsquo;article depuis sa source.<\/a><\/p>\n","protected":false},"excerpt":{"rendered":"<p>Elles soulignent la n\u00e9cessit\u00e9 pour l\u2019Europe de voir un Maghreb stable et prosp\u00e8re. Dans une lettre adress\u00e9e au Premier ministre portugais Antonio Costa, en tant que Pr\u00e9sident du Conseil de l\u2019Union europ\u00e9enne, et publi\u00e9e, samedi, par le journal \u00abDiario de Noticias\u00bb, des hautes personnalit\u00e9s portugaises, dont d\u2019anciens ministres, des d\u00e9put\u00e9s et des diplomates, appellent au [&hellip;]<\/p>\n","protected":false},"author":1759,"featured_media":0,"comment_status":"closed","ping_status":"closed","sticky":false,"template":"","format":"standard","meta":{"fifu_image_url":"http:\/\/aujourdhui.ma\/wp-content\/uploads\/2021\/03\/Premier-ministre-portugais-Antonio-Costa.jpg","fifu_image_alt":"D\u2019\u00e9minentes personnalit\u00e9s portugaises appellent au soutien  de l\u2019int\u00e9grit\u00e9 territoriale du Royaume","footnotes":""},"categories":[73,54],"tags":[],"class_list":["post-113021","post","type-post","status-publish","format-standard","hentry","category-actualite","category-maroc"],"_links":{"self":[{"href":"https:\/\/linitiative.ca\/International\/wp-json\/wp\/v2\/posts\/113021","targetHints":{"allow":["GET"]}}],"collection":[{"href":"https:\/\/linitiative.ca\/International\/wp-json\/wp\/v2\/posts"}],"about":[{"href":"https:\/\/linitiative.ca\/International\/wp-json\/wp\/v2\/types\/post"}],"author":[{"embeddable":true,"href":"https:\/\/linitiative.ca\/International\/wp-json\/wp\/v2\/users\/1759"}],"replies":[{"embeddable":true,"href":"https:\/\/linitiative.ca\/International\/wp-json\/wp\/v2\/comments?post=113021"}],"version-history":[{"count":0,"href":"https:\/\/linitiative.ca\/International\/wp-json\/wp\/v2\/posts\/113021\/revisions"}],"wp:attachment":[{"href":"https:\/\/linitiative.ca\/International\/wp-json\/wp\/v2\/media?parent=113021"}],"wp:term":[{"taxonomy":"category","embeddable":true,"href":"https:\/\/linitiative.ca\/International\/wp-json\/wp\/v2\/categories?post=113021"},{"taxonomy":"post_tag","embeddable":true,"href":"https:\/\/linitiative.ca\/International\/wp-json\/wp\/v2\/tags?post=113021"}],"curies":[{"name":"wp","href":"https:\/\/api.w.org\/{rel}","templated":true}]}}