{"id":113022,"date":"2021-03-13T10:51:48","date_gmt":"2021-03-13T15:51:48","guid":{"rendered":"https:\/\/linitiative.ca\/International\/cannabis-a-usage-medical-et-industriel-le-satisfecit-du-forum-des-competences-de-la-province-de-taounate\/"},"modified":"2021-03-13T10:51:48","modified_gmt":"2021-03-13T15:51:48","slug":"cannabis-a-usage-medical-et-industriel-le-satisfecit-du-forum-des-competences-de-la-province-de-taounate","status":"publish","type":"post","link":"https:\/\/linitiative.ca\/International\/cannabis-a-usage-medical-et-industriel-le-satisfecit-du-forum-des-competences-de-la-province-de-taounate\/","title":{"rendered":"Cannabis \u00e0 usage m\u00e9dical et industriel : Le satisfecit du Forum des Comp\u00e9tences de la province de Taounate"},"content":{"rendered":"<header>\n<\/header>\n<div class=\"entry-content clearfix\" readability=\"65\">\n<figure class=\"post-thumbnail\" itemprop=\"associatedMedia\" itemscope=\"itemscope\" itemtype=\"http:\/\/schema.org\/ImageObject\"><img decoding=\"async\" class=\"post_layout_5_img\" src=\"http:\/\/aujourdhui.ma\/wp-content\/uploads\/2021\/03\/cannabis-maroc.jpg\" alt=\"Cannabis \u00e0 usage m\u00e9dical et industriel : Le satisfecit du Forum des Comp\u00e9tences de la province de Taounate\"\/><\/figure>\n<p><span class=\"c5\"><strong>Les membres du Forum des Comp\u00e9tences de la province de Taounate vient de faire part, dans une lettre ouverte au Chef de Gouvernement, Saad-Eddine Othmani, qu\u2019ils ont bien accueilli l\u2019examen du projet de la Loi \u00ab 13.21 \u00bb relative \u00e0 la l\u00e9galisation du Cannabis pour les utilisations m\u00e9dicales et industrielles.<\/strong><\/span> <span id=\"more-370958\"\/><\/p>\n<p>\u00abEn effet, le gouvernement s\u2019appr\u00eate \u00e0 adopter une importante loi relative \u00e0 la l\u00e9galisation m\u00e9dicale et industrielle du Cannabis qui va engendrer la mobilisation et la mise en place des ressources humaines et des moyens mat\u00e9riels tr\u00e8s importants. La mise en \u0153uvre de cette loi sera n\u00e9vralgique pour l\u2019avenir des r\u00e9gions du Nord en particulier et pour les autres r\u00e9gions en g\u00e9n\u00e9ral\u00bb, \u00e9crivent-ils.<\/p>\n<p>Le moment est critique pour atteindre les objectifs de la loi actuelle, eu \u00e9gard aux avanc\u00e9es consid\u00e9rables que les autres pays ont, selon eux, d\u00e9j\u00e0 pris en mettant en place des moyens colossaux pour valoriser le Cannabis (exemple du Canada, USA, Isra\u00ebl\u2026). \u00abMalheureusement, il est \u00e0 craindre que dans les prochaines ann\u00e9es, le retard pris par le Maroc et en particulier le manque de moyens qui sera un vrai handicap pour la r\u00e9ussite de cet important projet,\u2026, Le moment est critique aussi, car des investissements colossaux sont \u00e0 pr\u00e9voir\u00bb, expliquent les membres du Forum, avant d\u2019ajouter que pour cela le gouvernement doit tenir compte des structures \u00e9tatiques existantes pour optimiser la r\u00e9ussite de la mise en place de la loi (b\u00e9n\u00e9ficier des ressources humaines existantes, des infrastructures, des centres de recherches, des programmes d\u2019information et de pr\u00e9vention \u2026).<\/p>\n<\/div>\n<p>Auteur: ALM<br \/>\n<a href=\"https:\/\/aujourdhui.ma\/actualite\/cannabis-a-usage-medical-et-industriel-le-satisfecit-du-forum-des-competences-de-la-province-de-taounate\">Cliquez ici pour lire l&rsquo;article depuis sa source.<\/a><\/p>\n","protected":false},"excerpt":{"rendered":"<p>Les membres du Forum des Comp\u00e9tences de la province de Taounate vient de faire part, dans une lettre ouverte au Chef de Gouvernement, Saad-Eddine Othmani, qu\u2019ils ont bien accueilli l\u2019examen du projet de la Loi \u00ab 13.21 \u00bb relative \u00e0 la l\u00e9galisation du Cannabis pour les utilisations m\u00e9dicales et industrielles. \u00abEn effet, le gouvernement s\u2019appr\u00eate [&hellip;]<\/p>\n","protected":false},"author":1759,"featured_media":0,"comment_status":"closed","ping_status":"closed","sticky":false,"template":"","format":"standard","meta":{"fifu_image_url":"http:\/\/aujourdhui.ma\/wp-content\/uploads\/2021\/03\/cannabis-maroc.jpg","fifu_image_alt":"Cannabis \u00e0 usage m\u00e9dical et industriel : Le satisfecit du Forum des Comp\u00e9tences de la province de Taounate","footnotes":""},"categories":[73,54],"tags":[],"class_list":["post-113022","post","type-post","status-publish","format-standard","hentry","category-actualite","category-maroc"],"_links":{"self":[{"href":"https:\/\/linitiative.ca\/International\/wp-json\/wp\/v2\/posts\/113022","targetHints":{"allow":["GET"]}}],"collection":[{"href":"https:\/\/linitiative.ca\/International\/wp-json\/wp\/v2\/posts"}],"about":[{"href":"https:\/\/linitiative.ca\/International\/wp-json\/wp\/v2\/types\/post"}],"author":[{"embeddable":true,"href":"https:\/\/linitiative.ca\/International\/wp-json\/wp\/v2\/users\/1759"}],"replies":[{"embeddable":true,"href":"https:\/\/linitiative.ca\/International\/wp-json\/wp\/v2\/comments?post=113022"}],"version-history":[{"count":0,"href":"https:\/\/linitiative.ca\/International\/wp-json\/wp\/v2\/posts\/113022\/revisions"}],"wp:attachment":[{"href":"https:\/\/linitiative.ca\/International\/wp-json\/wp\/v2\/media?parent=113022"}],"wp:term":[{"taxonomy":"category","embeddable":true,"href":"https:\/\/linitiative.ca\/International\/wp-json\/wp\/v2\/categories?post=113022"},{"taxonomy":"post_tag","embeddable":true,"href":"https:\/\/linitiative.ca\/International\/wp-json\/wp\/v2\/tags?post=113022"}],"curies":[{"name":"wp","href":"https:\/\/api.w.org\/{rel}","templated":true}]}}