{"id":113025,"date":"2021-03-13T12:28:51","date_gmt":"2021-03-13T17:28:51","guid":{"rendered":"https:\/\/linitiative.ca\/International\/transport-le-ministere-reaffirme-son-ouverture-pour-la-discussion\/"},"modified":"2021-03-13T12:28:51","modified_gmt":"2021-03-13T17:28:51","slug":"transport-le-ministere-reaffirme-son-ouverture-pour-la-discussion","status":"publish","type":"post","link":"https:\/\/linitiative.ca\/International\/transport-le-ministere-reaffirme-son-ouverture-pour-la-discussion\/","title":{"rendered":"Transport: Le minist\u00e8re r\u00e9affirme son ouverture pour la discussion"},"content":{"rendered":"<div readability=\"37\">\n<p>Le minist\u00e8re de l\u2019Equipement, du Transport, de la Logistique et de l\u2019Eau a r\u00e9affirm\u00e9 son ouverture permanente pour discuter et examiner l\u2019ensemble des contraintes que connait le secteur du transport routier en g\u00e9n\u00e9ral, et le transport touristique en particulier.<\/p>\n<\/div>\n<div readability=\"103\">\n<p>\u00ab\u00a0Le minist\u00e8re de l\u2019Equipement, du Transport, de la Logistique et de l\u2019Eau porte \u00e0 la connaissance de l\u2019opinion publique, que contrairement \u00e0 ce qui a \u00e9t\u00e9 relay\u00e9 par certains journaux nationaux, se r\u00e9f\u00e9rant \u00e0 l\u2019une des repr\u00e9sentations professionnelles du transport touristique, pr\u00e9tendant une tergiversation du minist\u00e8re \u00e0 l\u2019\u00e9gard des revendications des professionnels du transport routier, notamment du secteur du transport touristique, le minist\u00e8re marque son \u00e9tonnement de cette m\u00e9disance incompr\u00e9hensible et r\u00e9affirme son ouverture permanente pour discuter et examiner l\u2019ensemble des contraintes que connait le secteur du transport routier en g\u00e9n\u00e9ral, et le transport touristique en particulier et ce, dans le cadre du processus de dialogue institutionnel continu adopt\u00e9 par le minist\u00e8re avec toutes les repr\u00e9sentations professionnelles du secteur\u00a0\u00bb, affirme le minist\u00e8re dans un communiqu\u00e9.<\/p>\n<p>Ce processus est attest\u00e9 par le nombre important de r\u00e9unions organis\u00e9es par les services du minist\u00e8re avec les repr\u00e9sentations professionnelles du transport touristique, suite aux instructions du ministre de l\u2019Equipement, du Transport, de la Logistique et de l\u2019Eau, fait-on remarquer.<\/p>\n<p>Dans le m\u00eame contexte, et en r\u00e9ponse aux revendications relevant des attributions du minist\u00e8re, \u00e9tant donn\u00e9 que certaines ne rel\u00e8vent pas de son champ d\u2019intervention, mais concernent d\u2019autres secteurs gouvernementaux et \u00e9conomiques, il a \u00e9t\u00e9 proc\u00e9d\u00e9 \u00e0 l\u2019amendement de l\u2019arr\u00eat\u00e9 Minist\u00e9riel pr\u00e9cisant les caract\u00e9ristiques et les conditions d\u2019\u00e9quipement des v\u00e9hicules affect\u00e9s aux cat\u00e9gories du transport touristique, publi\u00e9 au Bulletin Officiel N\u00b06897, en date du 06 juillet 2020.<\/p>\n<p>Ainsi, dans le cadre de l\u2019accompagnement du secteur pour surmonter les retomb\u00e9es n\u00e9gatives de la pand\u00e9mie du COVID-19, un programme a \u00e9t\u00e9 \u00e9labor\u00e9 visant \u00e0 accompagner des secteurs \u00e9conomiques et professionnels supervis\u00e9s par le minist\u00e8re de l\u2019Equipement, du Transport, de la Logistique et de l\u2019Eau.<\/p>\n<p>S\u2019agissant du secteur du transport touristique, ledit programme pr\u00e9voie de prolonger la dur\u00e9e d\u2019exploitation des v\u00e9hicules affect\u00e9s au transport touristique disposant d\u2019un agr\u00e9ment d\u2019exploitation avant le 06 janvier 2020, d\u2019une ann\u00e9e suppl\u00e9mentaire, reporter de deux (02) ans, la mise en application de la d\u00e9cision de la Commission nationale du Transport relative au retrait de l\u2019autorisation en cas de sa non-exploitation durant la premi\u00e8re ann\u00e9e et de permettre au transport touristique de b\u00e9n\u00e9ficier de tous les privil\u00e8ges octroy\u00e9s par le gouvernement durant la p\u00e9riode de la pand\u00e9mie, qui ont \u00e9t\u00e9 annonc\u00e9s par le Comit\u00e9 de veille \u00e9conomique.<\/p>\n<p>Par ailleurs, dans le cadre de la poursuite du dialogue avec les repr\u00e9sentants du secteur, et compte tenu de l\u2019am\u00e9lioration de la situation \u00e9pid\u00e9miologique dans notre pays, le minist\u00e8re a tenu, r\u00e9cemment, des r\u00e9unions avec les repr\u00e9sentants du secteur du transport international et du secteur du transport de marchandises, tout en programmant une r\u00e9union avec les repr\u00e9sentants du secteur du transport touristique, avant la fin du mois de mars 2021.<\/p>\n<p>Et de rappeler que suite aux orientations du ministre de l\u2019Equipement, du Transport, de la Logistique et de l\u2019Eau, le minist\u00e8re accorde une haute importance \u00e0 toutes les r\u00e9unions avec les repr\u00e9sentants de toutes les cat\u00e9gories du secteur du transport routier. Ces r\u00e9unions se tiennent sous la pr\u00e9sidence du secr\u00e9taire g\u00e9n\u00e9ral du minist\u00e8re et en pr\u00e9sence des responsables concern\u00e9s.<\/p>\n<\/div>\n<p>Auteur: Meriem IGASS<br \/>\n<a href=\"http:\/\/www.mapmarrakech.ma\/fr\/transport-le-ministere-reaffirme-son-ouverture-pour-la-discussion\/\">Cliquez ici pour lire l&rsquo;article depuis sa source.<\/a><\/p>\n","protected":false},"excerpt":{"rendered":"<p>Le minist\u00e8re de l\u2019Equipement, du Transport, de la Logistique et de l\u2019Eau a r\u00e9affirm\u00e9 son ouverture permanente pour discuter et examiner l\u2019ensemble des contraintes que connait le secteur du transport routier en g\u00e9n\u00e9ral, et le transport touristique en particulier. \u00ab\u00a0Le minist\u00e8re de l\u2019Equipement, du Transport, de la Logistique et de l\u2019Eau porte \u00e0 la connaissance [&hellip;]<\/p>\n","protected":false},"author":1788,"featured_media":0,"comment_status":"closed","ping_status":"closed","sticky":false,"template":"","format":"standard","meta":{"fifu_image_url":"","fifu_image_alt":"","footnotes":""},"categories":[54,76],"tags":[],"class_list":["post-113025","post","type-post","status-publish","format-standard","hentry","category-maroc","category-regions"],"_links":{"self":[{"href":"https:\/\/linitiative.ca\/International\/wp-json\/wp\/v2\/posts\/113025","targetHints":{"allow":["GET"]}}],"collection":[{"href":"https:\/\/linitiative.ca\/International\/wp-json\/wp\/v2\/posts"}],"about":[{"href":"https:\/\/linitiative.ca\/International\/wp-json\/wp\/v2\/types\/post"}],"author":[{"embeddable":true,"href":"https:\/\/linitiative.ca\/International\/wp-json\/wp\/v2\/users\/1788"}],"replies":[{"embeddable":true,"href":"https:\/\/linitiative.ca\/International\/wp-json\/wp\/v2\/comments?post=113025"}],"version-history":[{"count":0,"href":"https:\/\/linitiative.ca\/International\/wp-json\/wp\/v2\/posts\/113025\/revisions"}],"wp:attachment":[{"href":"https:\/\/linitiative.ca\/International\/wp-json\/wp\/v2\/media?parent=113025"}],"wp:term":[{"taxonomy":"category","embeddable":true,"href":"https:\/\/linitiative.ca\/International\/wp-json\/wp\/v2\/categories?post=113025"},{"taxonomy":"post_tag","embeddable":true,"href":"https:\/\/linitiative.ca\/International\/wp-json\/wp\/v2\/tags?post=113025"}],"curies":[{"name":"wp","href":"https:\/\/api.w.org\/{rel}","templated":true}]}}