{"id":113029,"date":"2021-03-12T17:50:09","date_gmt":"2021-03-12T22:50:09","guid":{"rendered":"https:\/\/linitiative.ca\/International\/amzazi-inaugure-et-lance-des-projets-detablissements-scolaires\/"},"modified":"2021-03-12T17:50:09","modified_gmt":"2021-03-12T22:50:09","slug":"amzazi-inaugure-et-lance-des-projets-detablissements-scolaires","status":"publish","type":"post","link":"https:\/\/linitiative.ca\/International\/amzazi-inaugure-et-lance-des-projets-detablissements-scolaires\/","title":{"rendered":"Amzazi inaugure et lance des projets d\u2019\u00e9tablissements scolaires"},"content":{"rendered":"<p class=\"c4\">Le ministre de l\u2019Education nationale, de la Formation professionnelle, de l\u2019Enseignement sup\u00e9rieur et de la Recherche scientifique, Saaid Amzazi, a effectu\u00e9 vendredi une visite de terrain pour inaugurer et lancer des projets d\u2019\u00e9tablissements scolaires dans la ville d\u2019Oujda.<\/p>\n<p class=\"c4\">M. Amzazi, qui \u00e9tait accompagn\u00e9 notamment du wali de la r\u00e9gion de l\u2019Oriental, gouverneur de la pr\u00e9fecture d\u2019Oujda-Angad, Mouad El Jamai et du pr\u00e9sident du Conseil communal d\u2019Oujda, Omar Hejira, a proc\u00e9d\u00e9 \u00e0 l\u2019inauguration de l\u2019\u00e9cole primaire Al Mandar Al Jamil, construite sur une superficie de plus de 4.000 m3.<\/p>\n<p class=\"c4\">L\u2019\u00e9cole, qui compte notamment 11 salles de cours, une salle multim\u00e9dias, une unit\u00e9 d\u2019enseignement pr\u00e9scolaire et d\u2019autres d\u00e9pendances, doit ouvrir ses portes \u00e0 la prochaine rentr\u00e9e scolaire.<\/p>\n<p class=\"c4\">Par la suite, le ministre, qui \u00e9tait \u00e9galement accompagn\u00e9 du directeur de l\u2019Acad\u00e9mie r\u00e9gionale d\u2019\u00e9ducation et de formation (AREF) de l\u2019Oriental, Mohamed Dib et d\u2019autres personnalit\u00e9s civiles et militaires, a visit\u00e9 l\u2019\u00e9cole primaire Al Boustane 2, qui a ouvert ses portes lors de l\u2019actuelle ann\u00e9e scolaire.<\/p>\n<p class=\"c4\">Construite sur plus de 5.200 m3, l\u2019\u00e9cole compte 6 salles de cours, une biblioth\u00e8que, une salle multim\u00e9dias et deux unit\u00e9s d\u2019enseignement pr\u00e9scolaire.<\/p>\n<p class=\"c4\">Le ministre et la d\u00e9l\u00e9gation l\u2019accompagnant ont \u00e9galement pris connaissance des activit\u00e9s des clubs \u00e9ducatifs au niveau de l\u2019\u00e9tablissement, en particulier les activit\u00e9s de promotion des sciences, de la culture et des arts aupr\u00e8s des \u00e9l\u00e8ves.<\/p>\n<p class=\"c4\">Ensuite, M. Amzazi a visit\u00e9 le chantier de construction du coll\u00e8ge \u00abEl Guerguarate\u00bb, qui b\u00e9n\u00e9ficiera aux \u00e9l\u00e8ves des quartiers Al Farah, Agdal et Al Manzah 2.<\/p>\n<p class=\"c4\">Le projet n\u00e9cessitera une enveloppe de 7 millions de dirhams (MDH) et comptera, outre les installations de l\u2019enseignement et autres d\u00e9pendances, des terrains et \u00e9quipements sportifs.<\/p>\n<p class=\"c4\">Le ministre a, par la m\u00eame occasion, donn\u00e9 le coup d\u2019envoi des travaux de construction de deux autres \u00e9tablissements scolaires. Il s\u2019agit de l\u2019\u00e9cole primaire Al Wafae, dot\u00e9e d\u2019une enveloppe de 6 MDH et devant b\u00e9n\u00e9ficier aux \u00e9l\u00e8ves des quartiers Louz, Drafif et le lotissement Beni Oukil, et du lyc\u00e9e qualifiant Al Ahd Al Jadid, qui n\u00e9cessitera un budget de 8 MDH et b\u00e9n\u00e9ficiera aux \u00e9l\u00e8ves des quartiers Nahda, Hassi Libia, Drafif et Slimani.<\/p>\n<p class=\"c4\">Dans une d\u00e9claration \u00e0 la presse, M. Amzazi a indiqu\u00e9 que cette visite de terrain intervient en marge de la rencontre r\u00e9gionale de coordination pour l\u2019activation des projets de la loi-cadre 51.17, dans le sillage des rencontres similaires tenues dans les diff\u00e9rentes r\u00e9gions du Royaume.<\/p>\n<p class=\"c4\">Il a soulign\u00e9 l\u2019importance des projets et chantiers visit\u00e9s ou lanc\u00e9s, dans l\u2019objectif d\u2019\u00e9largir l\u2019offre scolaire, en particulier dans les zones semi-urbaines d\u2019Oujda, et ainsi promouvoir la scolarisation des enfants et assurer l\u2019acc\u00e8s des \u00e9l\u00e8ves de ces quartiers \u00e0 l\u2019\u00e9ducation dans de bonnes conditions.<\/p>\n<p>Auteur: Soufiane ELAHMAR<br \/>\n<a href=\"http:\/\/www.mapoujda.ma\/fr\/amzazi-inaugure-et-lance-des-projets-detablissements-scolaires\/\">Cliquez ici pour lire l&rsquo;article depuis sa source.<\/a><\/p>\n","protected":false},"excerpt":{"rendered":"<p>Le ministre de l\u2019Education nationale, de la Formation professionnelle, de l\u2019Enseignement sup\u00e9rieur et de la Recherche scientifique, Saaid Amzazi, a effectu\u00e9 vendredi une visite de terrain pour inaugurer et lancer des projets d\u2019\u00e9tablissements scolaires dans la ville d\u2019Oujda. M. Amzazi, qui \u00e9tait accompagn\u00e9 notamment du wali de la r\u00e9gion de l\u2019Oriental, gouverneur de la pr\u00e9fecture [&hellip;]<\/p>\n","protected":false},"author":1788,"featured_media":0,"comment_status":"closed","ping_status":"closed","sticky":false,"template":"","format":"standard","meta":{"fifu_image_url":"","fifu_image_alt":"","footnotes":""},"categories":[54,76],"tags":[],"class_list":["post-113029","post","type-post","status-publish","format-standard","hentry","category-maroc","category-regions"],"_links":{"self":[{"href":"https:\/\/linitiative.ca\/International\/wp-json\/wp\/v2\/posts\/113029","targetHints":{"allow":["GET"]}}],"collection":[{"href":"https:\/\/linitiative.ca\/International\/wp-json\/wp\/v2\/posts"}],"about":[{"href":"https:\/\/linitiative.ca\/International\/wp-json\/wp\/v2\/types\/post"}],"author":[{"embeddable":true,"href":"https:\/\/linitiative.ca\/International\/wp-json\/wp\/v2\/users\/1788"}],"replies":[{"embeddable":true,"href":"https:\/\/linitiative.ca\/International\/wp-json\/wp\/v2\/comments?post=113029"}],"version-history":[{"count":0,"href":"https:\/\/linitiative.ca\/International\/wp-json\/wp\/v2\/posts\/113029\/revisions"}],"wp:attachment":[{"href":"https:\/\/linitiative.ca\/International\/wp-json\/wp\/v2\/media?parent=113029"}],"wp:term":[{"taxonomy":"category","embeddable":true,"href":"https:\/\/linitiative.ca\/International\/wp-json\/wp\/v2\/categories?post=113029"},{"taxonomy":"post_tag","embeddable":true,"href":"https:\/\/linitiative.ca\/International\/wp-json\/wp\/v2\/tags?post=113029"}],"curies":[{"name":"wp","href":"https:\/\/api.w.org\/{rel}","templated":true}]}}