{"id":113030,"date":"2021-03-13T11:09:26","date_gmt":"2021-03-13T16:09:26","guid":{"rendered":"https:\/\/linitiative.ca\/International\/maroc-deficit-budgetaire-de-126-mmdh-a-fin-fevrier\/"},"modified":"2021-03-13T11:09:26","modified_gmt":"2021-03-13T16:09:26","slug":"maroc-deficit-budgetaire-de-126-mmdh-a-fin-fevrier","status":"publish","type":"post","link":"https:\/\/linitiative.ca\/International\/maroc-deficit-budgetaire-de-126-mmdh-a-fin-fevrier\/","title":{"rendered":"Maroc: D\u00e9ficit budg\u00e9taire de 12,6 MMDH \u00e0 fin f\u00e9vrier"},"content":{"rendered":"<p class=\"c4\">L\u2019ex\u00e9cution de la loi de finances (LF) \u00e0 fin f\u00e9vrier 2021 fait ressortir un d\u00e9ficit budg\u00e9taire de 12,6 milliards de dirhams (MMDH), quasiment au m\u00eame niveau que celui d\u00e9gag\u00e9 \u00e0 la m\u00eame p\u00e9riode de 2020, dont les r\u00e9sultats n\u2019avaient pas encore subi les effets de la pand\u00e9mie Covid-19, selon le minist\u00e8re de l\u2019Economie, des finances et de la r\u00e9forme de l\u2019administration.<\/p>\n<p class=\"c4\">Cette stabilit\u00e9 du d\u00e9ficit recouvre une hausse de 0,3 MMDH des recettes, une baisse de 2,1 MMDH des d\u00e9penses et un recul de 2,7 MMDH de l\u2019exc\u00e9dent des comptes sp\u00e9ciaux du Tr\u00e9sor (CST), pr\u00e9cise le minist\u00e8re, qui vient de publier la Situation des charges et ressources du Tr\u00e9sor (SCRT) \u00e0 fin f\u00e9vrier 2021.<\/p>\n<p class=\"c4\">L\u2019augmentation des recettes est attribuable principalement aux recettes non fiscales (+0,7MMDH) suite au versement de 0,5 MMDH par l\u2019Agence nationale de la conservation fonci\u00e8re, du cadastre et de la cartographie au titre des dividendes de 2020, ajoute la m\u00eame source.<\/p>\n<p class=\"c4\">En revanche, les recettes fiscales ont affich\u00e9 une baisse de 0,6 MMDH, imputable notamment aux taxes int\u00e9rieures de consommation (TIC) (-0,9 MMDH), \u00e0 la taxe sur la valeur ajout\u00e9e (TVA) \u00e0 l\u2019importation (-0,4 MMDH) et aux droits d\u2019enregistrement et de timbre (-0,4 MMDH). Cette baisse a \u00e9t\u00e9 partiellement att\u00e9nu\u00e9e par la hausse des recettes au titre de l\u2019imp\u00f4t sur le revenu (+0,7 MMDH) et de la TVA \u00e0 l\u2019int\u00e9rieur (+0,4 MMDH).<\/p>\n<p class=\"c4\">Pour leur part, les recettes de l\u2019imp\u00f4t sur les soci\u00e9t\u00e9s (IS) et des droits de douane sont rest\u00e9es quasiment stables par rapport \u00e0 f\u00e9vrier 2020, s\u2019\u00e9levant respectivement \u00e0 2,2 MMDH et 1,7 MMDH, fait savoir le minist\u00e8re, notant que \u00ab\u00a0l\u2019appr\u00e9ciation du comportement des recettes fiscales \u00e0 fin f\u00e9vrier 2021 devrait tenir compte du fait que la p\u00e9riode de comparaison (fin f\u00e9vrier 2020) n\u2019int\u00e9grait pas encore l\u2019effet Covid-19\u00a0\u00bb.<\/p>\n<p class=\"c4\">S\u2019agissant des d\u00e9penses ordinaires, elles ont enregistr\u00e9 une baisse de pr\u00e8s de 1,1 MMDH, recouvrant, d\u2019une part, un repli des d\u00e9penses au titre des autres biens et services (-1,5 MMDH) et des int\u00e9r\u00eats de la dette (-0,5 MMDH) et, d\u2019autre part, une hausse de 814 millions de dirhams (MDH) des charges de personnel sous l\u2019effet notamment des mesures de la 3\u00e8me phase du dialogue social, selon la m\u00eame source, faisant remarquer que la charge de la compensation est rest\u00e9e relativement stable \u00e0 2,9 MMDH \u00e0 fin f\u00e9vrier 2021, contre 2,8 MMDH une ann\u00e9e auparavant.<\/p>\n<p class=\"c4\">Ces \u00e9volutions des recettes et des d\u00e9penses ordinaires se sont traduites par un solde ordinaire n\u00e9gatif de 7 MMDH, en l\u00e9g\u00e8re am\u00e9lioration par rapport \u00e0 celui d\u00e9gag\u00e9 \u00e0 fin f\u00e9vrier 2020 (-8,4 MMDH).<\/p>\n<p class=\"c4\">Le document fait en outre ressortir que les \u00e9missions au titre des d\u00e9penses d\u2019investissement ont enregistr\u00e9 une baisse de 1,1 MMDH pour se situer \u00e0 15,2 MMDH, relevant que comparativement aux pr\u00e9visions de la LF 2021, leur taux de r\u00e9alisation s\u2019est \u00e9lev\u00e9 \u00e0 22,3%.<\/p>\n<p class=\"c4\">En parall\u00e8le, le recul de l\u2019exc\u00e9dent des CST est d\u00fb essentiellement au solde n\u00e9gatif de 1,8 MMDH enregistr\u00e9 par le Fonds de gestion de la pand\u00e9mie Covid-19, lequel s\u2019explique, \u00e0 hauteur de 1,7 MMDH, par le co\u00fbt d\u2019acquisition des vaccins contre le Covid-19.<\/p>\n<p class=\"c4\">\u00ab\u00a0Compte tenu de ces \u00e9volutions et d\u2019une baisse des op\u00e9rations en instance de 0,9 MMDH, la situation des charges et ressources du Tr\u00e9sor d\u00e9gage un besoin de financement de l\u2019ordre de 13,4 MM.DH, contre 16,8 MMDH \u00e0 fin f\u00e9vrier 2020\u00a0\u00bb, pr\u00e9cise le minist\u00e8re.<\/p>\n<p>Auteur: Soufiane ELAHMAR<br \/>\n<a href=\"http:\/\/www.mapoujda.ma\/fr\/maroc-deficit-budgetaire-de-126-mmdh-a-fin-fevrier\/\">Cliquez ici pour lire l&rsquo;article depuis sa source.<\/a><\/p>\n","protected":false},"excerpt":{"rendered":"<p>L\u2019ex\u00e9cution de la loi de finances (LF) \u00e0 fin f\u00e9vrier 2021 fait ressortir un d\u00e9ficit budg\u00e9taire de 12,6 milliards de dirhams (MMDH), quasiment au m\u00eame niveau que celui d\u00e9gag\u00e9 \u00e0 la m\u00eame p\u00e9riode de 2020, dont les r\u00e9sultats n\u2019avaient pas encore subi les effets de la pand\u00e9mie Covid-19, selon le minist\u00e8re de l\u2019Economie, des finances [&hellip;]<\/p>\n","protected":false},"author":1788,"featured_media":0,"comment_status":"closed","ping_status":"closed","sticky":false,"template":"","format":"standard","meta":{"fifu_image_url":"","fifu_image_alt":"","footnotes":""},"categories":[54,76],"tags":[],"class_list":["post-113030","post","type-post","status-publish","format-standard","hentry","category-maroc","category-regions"],"_links":{"self":[{"href":"https:\/\/linitiative.ca\/International\/wp-json\/wp\/v2\/posts\/113030","targetHints":{"allow":["GET"]}}],"collection":[{"href":"https:\/\/linitiative.ca\/International\/wp-json\/wp\/v2\/posts"}],"about":[{"href":"https:\/\/linitiative.ca\/International\/wp-json\/wp\/v2\/types\/post"}],"author":[{"embeddable":true,"href":"https:\/\/linitiative.ca\/International\/wp-json\/wp\/v2\/users\/1788"}],"replies":[{"embeddable":true,"href":"https:\/\/linitiative.ca\/International\/wp-json\/wp\/v2\/comments?post=113030"}],"version-history":[{"count":0,"href":"https:\/\/linitiative.ca\/International\/wp-json\/wp\/v2\/posts\/113030\/revisions"}],"wp:attachment":[{"href":"https:\/\/linitiative.ca\/International\/wp-json\/wp\/v2\/media?parent=113030"}],"wp:term":[{"taxonomy":"category","embeddable":true,"href":"https:\/\/linitiative.ca\/International\/wp-json\/wp\/v2\/categories?post=113030"},{"taxonomy":"post_tag","embeddable":true,"href":"https:\/\/linitiative.ca\/International\/wp-json\/wp\/v2\/tags?post=113030"}],"curies":[{"name":"wp","href":"https:\/\/api.w.org\/{rel}","templated":true}]}}