{"id":113033,"date":"2021-03-13T12:08:14","date_gmt":"2021-03-13T17:08:14","guid":{"rendered":"https:\/\/linitiative.ca\/International\/rabat-la-pollution-menace-les-eaux-du-bouregreg\/"},"modified":"2021-03-13T12:08:14","modified_gmt":"2021-03-13T17:08:14","slug":"rabat-la-pollution-menace-les-eaux-du-bouregreg","status":"publish","type":"post","link":"https:\/\/linitiative.ca\/International\/rabat-la-pollution-menace-les-eaux-du-bouregreg\/","title":{"rendered":"Rabat : La pollution menace les eaux du Bouregreg"},"content":{"rendered":"<p class=\"rtejustify\">Depuis plus d\u2019une semaine, des taches noires couvrent une partie des eaux du fleuve du Bouregreg avec d\u00e9gagement d\u2019une mauvaise odeur.<\/p>\n<p class=\"rtejustify\">En plus du probl\u00e8me de l\u2019environnement, cette situation inqui\u00e8te s\u00e9rieusement les patrons des restaurants et des caf\u00e9s longeant la marina du Bouregreg situ\u00e9e pr\u00e8s de l\u2019embouchure de l\u2019oued. Une commission se penche sur ce probl\u00e8me en vue de confirmer les causes r\u00e9elles de cette pollution avec un fort soup\u00e7on visant le lixiviat issu de la d\u00e9charge d\u2019Oum Azza, confie une source proche de cette affaire.<\/p>\n<p class=\"rtejustify\">Rappelons que le site de la d\u00e9charge emmagasine actuellement plus de 400.000 m3 de lixiviant, un volume d\u00e9passant la capacit\u00e9 de stockage de ses six bassins existants. Suite aux derni\u00e8res pr\u00e9cipitations, la digue de l\u2019un de ces bassins a l\u00e2ch\u00e9e, ce qui aurait entra\u00een\u00e9, fort probablement, le d\u00e9versement du lixiviat vers l\u2019Oued, avance un responsable de l\u2019Etablissement de coop\u00e9ration intercommunal (ECI) Al Assima qui supervise la gestion de la d\u00e9charge. Cet incident doit pousser la direction de ce dernier en vue d\u2019activer la proc\u00e9dure pour la d\u00e9signation du futur d\u00e9l\u00e9gataire du site apr\u00e8s le d\u00e9part, en juillet dernier, de la soci\u00e9t\u00e9 Teodem, filiale du groupe Pizzorno, qui assurait la gestion de la d\u00e9charge depuis pr\u00e8s de 20 ans.<\/p>\n<p class=\"rtejustify\">A ce titre, il convient de signaler que 4 op\u00e9rateurs sont en concurrence pour d\u00e9crocher le contrat de gestion d\u00e9l\u00e9gu\u00e9e de la premi\u00e8re d\u00e9charge contr\u00f4l\u00e9e (Centre d\u2019enfouissement et de valorisation) au Maroc. Ils ont \u00e9t\u00e9 retenus apr\u00e8s l\u2019ouverture des dossiers administratifs dans le cadre d\u2019un appel d\u2019offres international, avec pr\u00e9qualification, d\u00e9j\u00e0 lanc\u00e9 par l\u2019ECI Al Assima.<\/p>\n<p class=\"rtejustify\"><em>N.E.A.<\/em><\/p>\n<p class=\"rtejustify\">\u00a0<\/p>\n<p>Auteur: mbasraoui<br \/>\n<a href=\"https:\/\/www.leconomiste.com\/flash-infos\/rabat-la-pollution-menace-les-eaux-du-bouregreg\">Cliquez ici pour lire l&rsquo;article depuis sa source.<\/a><\/p>\n","protected":false},"excerpt":{"rendered":"<p>Depuis plus d\u2019une semaine, des taches noires couvrent une partie des eaux du fleuve du Bouregreg avec d\u00e9gagement d\u2019une mauvaise odeur. En plus du probl\u00e8me de l\u2019environnement, cette situation inqui\u00e8te s\u00e9rieusement les patrons des restaurants et des caf\u00e9s longeant la marina du Bouregreg situ\u00e9e pr\u00e8s de l\u2019embouchure de l\u2019oued. Une commission se penche sur ce [&hellip;]<\/p>\n","protected":false},"author":1763,"featured_media":0,"comment_status":"closed","ping_status":"closed","sticky":false,"template":"","format":"standard","meta":{"fifu_image_url":"","fifu_image_alt":"","footnotes":""},"categories":[78,54],"tags":[],"class_list":["post-113033","post","type-post","status-publish","format-standard","hentry","category-economie","category-maroc"],"_links":{"self":[{"href":"https:\/\/linitiative.ca\/International\/wp-json\/wp\/v2\/posts\/113033","targetHints":{"allow":["GET"]}}],"collection":[{"href":"https:\/\/linitiative.ca\/International\/wp-json\/wp\/v2\/posts"}],"about":[{"href":"https:\/\/linitiative.ca\/International\/wp-json\/wp\/v2\/types\/post"}],"author":[{"embeddable":true,"href":"https:\/\/linitiative.ca\/International\/wp-json\/wp\/v2\/users\/1763"}],"replies":[{"embeddable":true,"href":"https:\/\/linitiative.ca\/International\/wp-json\/wp\/v2\/comments?post=113033"}],"version-history":[{"count":0,"href":"https:\/\/linitiative.ca\/International\/wp-json\/wp\/v2\/posts\/113033\/revisions"}],"wp:attachment":[{"href":"https:\/\/linitiative.ca\/International\/wp-json\/wp\/v2\/media?parent=113033"}],"wp:term":[{"taxonomy":"category","embeddable":true,"href":"https:\/\/linitiative.ca\/International\/wp-json\/wp\/v2\/categories?post=113033"},{"taxonomy":"post_tag","embeddable":true,"href":"https:\/\/linitiative.ca\/International\/wp-json\/wp\/v2\/tags?post=113033"}],"curies":[{"name":"wp","href":"https:\/\/api.w.org\/{rel}","templated":true}]}}