{"id":113034,"date":"2021-03-13T12:12:13","date_gmt":"2021-03-13T17:12:13","guid":{"rendered":"https:\/\/linitiative.ca\/International\/une-premiere-en-afrique-un-guichet-unique-pour-les-marocains-de-cote-divoire\/"},"modified":"2021-03-13T12:12:13","modified_gmt":"2021-03-13T17:12:13","slug":"une-premiere-en-afrique-un-guichet-unique-pour-les-marocains-de-cote-divoire","status":"publish","type":"post","link":"https:\/\/linitiative.ca\/International\/une-premiere-en-afrique-un-guichet-unique-pour-les-marocains-de-cote-divoire\/","title":{"rendered":"Une premi\u00e8re en Afrique, un guichet unique pour les Marocains de C\u00f4te d&rsquo;Ivoire"},"content":{"rendered":"<p class=\"rtejustify\">Le minist\u00e8re d\u00e9l\u00e9gu\u00e9 charg\u00e9 des Marocains r\u00e9sidant \u00e0 l&rsquo;\u00e9tranger (MRE) a organis\u00e9, samedi \u00e0 Abidjan, un guichet unique mobile pour les services administratifs au profit des Marocains de C\u00f4te d&rsquo;Ivoire, une premi\u00e8re en Afrique.<\/p>\n<p class=\"rtejustify\">Le guichet, qui a suscit\u00e9 une vive satisfaction chez les membres de la diaspora marocaine, a \u00e9t\u00e9 organis\u00e9 \u00e0 l&rsquo;occasion d&rsquo;une visite de travail dans la m\u00e9tropole \u00e9conomique ivoirienne de la ministre d\u00e9l\u00e9gu\u00e9e charg\u00e9e des MRE, Mme Nezha El Ouafi. Cette initiative, pour laquelle des repr\u00e9sentants de 14 minist\u00e8res et organismes nationaux ont fait le d\u00e9placement \u00e0 Abidjan, s&rsquo;inscrit dans le cadre de la politique de proximit\u00e9 mise en place par le minist\u00e8re d\u00e9l\u00e9gu\u00e9 afin de r\u00e9pondre aux besoins des Marocains du monde, notamment en ce qui concerne l&rsquo;am\u00e9lioration des services administratifs mis \u00e0 leur disposition.<\/p>\n<p class=\"rtejustify\">Le guichet, qui s&rsquo;est \u00e9tal\u00e9 sur toute la journ\u00e9e, vise l&rsquo;accompagnement et le suivi de proximit\u00e9 de la situation des Marocains r\u00e9sidant en C\u00f4te d&rsquo;Ivoire, la sensibilisation et l\u2019\u00e9change autour de leurs diff\u00e9rentes pr\u00e9occupations sociales, culturelles, \u00e9conomiques et administratives. Il entend \u00e9galement la vulgarisation de diff\u00e9rents nouveaux services mis en place par les d\u00e9partements et les institutions publiques concern\u00e9s par les affaires des MRE, notamment suite \u00e0 leur harmonisation avec les besoins et attentes de cette cat\u00e9gorie de citoyens, en mettant en \u0153uvre de nouveaux m\u00e9canismes pour faire face aux diff\u00e9rents d\u00e9fis li\u00e9s aux services qui leur sont d\u00e9di\u00e9s.<\/p>\n<p class=\"rtejustify\">Selon le minist\u00e8re d\u00e9l\u00e9gu\u00e9, le Programme du guichet unique est organis\u00e9 conform\u00e9ment aux dispositions de la Constitution du Royaume et aux directives de SM le Roi Mohammed VI qui insistent sur l&rsquo;imp\u00e9ratif d&rsquo;\u0153uvrer au renforcement des relations entre les Marocains du monde et leur m\u00e8re-patrie et d&rsquo;am\u00e9liorer leurs conditions ainsi que de pr\u00e9server leurs droits et int\u00e9r\u00eats.<\/p>\n<p class=\"rtejustify\">Les organismes repr\u00e9sent\u00e9s \u00e0 cet \u00e9v\u00e9nement sont le d\u00e9partement du chef du Gouvernement, le minist\u00e8re public, le M\u00e9diateur du Royaume, le minist\u00e8re des Affaires Etrang\u00e8res, de la Coop\u00e9ration Africaine et des MRE, le minist\u00e8re d\u00e9l\u00e9gu\u00e9 charg\u00e9 des MRE, le minist\u00e8re de l\u2019Int\u00e9rieur, le minist\u00e8re de la Justice, et la Caisse Nationale de S\u00e9curit\u00e9 Sociale (CNSS).<\/p>\n<p class=\"rtejustify\">Il s&rsquo;agit \u00e9galement de l&rsquo;Agence Nationale de la Conservation Fonci\u00e8re, du Cadastre et de la Cartographie (ANFCC), la direction G\u00e9n\u00e9rale des Imp\u00f4ts, la Caisse Centrale de Garantie, la Caisse interprofessionnelle Marocaine de Retraites (CIMR), la Conf\u00e9d\u00e9ration g\u00e9n\u00e9rale des Entreprises du Maroc (CGEM), le Groupement Professionnel des Banques du Maroc (GPBM) outre l&rsquo;Autorit\u00e9 de Contr\u00f4le des Assurances et de la Pr\u00e9voyance Sociale (ACAPS). Outre le guichet unique, d&rsquo;autres \u00e9v\u00e9nements sont pr\u00e9vus dimanche, notamment une Rencontre d&rsquo;\u00e9changes avec les MRE de C\u00f4te d&rsquo;Ivoire et l&rsquo;organisation, en virtuel depuis Abidjan, du \u00ab\u00a01er Forum des comp\u00e9tences marocaines en Afrique\u00a0\u00bb.<\/p>\n<p class=\"rtejustify\">\u00a0<\/p>\n<p>Auteur: mbasraoui<br \/>\n<a href=\"https:\/\/www.leconomiste.com\/flash-infos\/une-premiere-en-afrique-un-guichet-unique-pour-les-marocains-de-cote-d-ivoire\">Cliquez ici pour lire l&rsquo;article depuis sa source.<\/a><\/p>\n","protected":false},"excerpt":{"rendered":"<p>Le minist\u00e8re d\u00e9l\u00e9gu\u00e9 charg\u00e9 des Marocains r\u00e9sidant \u00e0 l&rsquo;\u00e9tranger (MRE) a organis\u00e9, samedi \u00e0 Abidjan, un guichet unique mobile pour les services administratifs au profit des Marocains de C\u00f4te d&rsquo;Ivoire, une premi\u00e8re en Afrique. Le guichet, qui a suscit\u00e9 une vive satisfaction chez les membres de la diaspora marocaine, a \u00e9t\u00e9 organis\u00e9 \u00e0 l&rsquo;occasion d&rsquo;une [&hellip;]<\/p>\n","protected":false},"author":1763,"featured_media":0,"comment_status":"closed","ping_status":"closed","sticky":false,"template":"","format":"standard","meta":{"fifu_image_url":"","fifu_image_alt":"","footnotes":""},"categories":[78,54],"tags":[],"class_list":["post-113034","post","type-post","status-publish","format-standard","hentry","category-economie","category-maroc"],"_links":{"self":[{"href":"https:\/\/linitiative.ca\/International\/wp-json\/wp\/v2\/posts\/113034","targetHints":{"allow":["GET"]}}],"collection":[{"href":"https:\/\/linitiative.ca\/International\/wp-json\/wp\/v2\/posts"}],"about":[{"href":"https:\/\/linitiative.ca\/International\/wp-json\/wp\/v2\/types\/post"}],"author":[{"embeddable":true,"href":"https:\/\/linitiative.ca\/International\/wp-json\/wp\/v2\/users\/1763"}],"replies":[{"embeddable":true,"href":"https:\/\/linitiative.ca\/International\/wp-json\/wp\/v2\/comments?post=113034"}],"version-history":[{"count":0,"href":"https:\/\/linitiative.ca\/International\/wp-json\/wp\/v2\/posts\/113034\/revisions"}],"wp:attachment":[{"href":"https:\/\/linitiative.ca\/International\/wp-json\/wp\/v2\/media?parent=113034"}],"wp:term":[{"taxonomy":"category","embeddable":true,"href":"https:\/\/linitiative.ca\/International\/wp-json\/wp\/v2\/categories?post=113034"},{"taxonomy":"post_tag","embeddable":true,"href":"https:\/\/linitiative.ca\/International\/wp-json\/wp\/v2\/tags?post=113034"}],"curies":[{"name":"wp","href":"https:\/\/api.w.org\/{rel}","templated":true}]}}