{"id":113035,"date":"2021-03-13T12:14:11","date_gmt":"2021-03-13T17:14:11","guid":{"rendered":"https:\/\/linitiative.ca\/International\/le-roi-mohammed-vi-felicite-le-pape-francois\/"},"modified":"2021-03-13T12:14:11","modified_gmt":"2021-03-13T17:14:11","slug":"le-roi-mohammed-vi-felicite-le-pape-francois","status":"publish","type":"post","link":"https:\/\/linitiative.ca\/International\/le-roi-mohammed-vi-felicite-le-pape-francois\/","title":{"rendered":"Le Roi Mohammed VI f\u00e9licite le Pape Fran\u00e7ois"},"content":{"rendered":"<p class=\"rtejustify\">Le Roi Mohammed VI, Amir Al-Mouminine, a adress\u00e9 un message de v\u0153ux et de f\u00e9licitations \u00e0 Sa Saintet\u00e9 le Pape Fran\u00e7ois \u00e0 l\u2019occasion du huiti\u00e8me anniversaire de son pontificat.<\/p>\n<p class=\"rtejustify\">Dans ce message, le Souverain exprime \u00e0 Sa Saintet\u00e9 le Pape Fran\u00e7ois Ses vives f\u00e9licitations et Ses sinc\u00e8res v\u0153ux de sant\u00e9, de bonheur et de davantage de succ\u00e8s dans sa noble mission pour la diffusion des valeurs humaines. Le Roi\u00a0saisit cette occasion, pour faire part de Sa vive d\u00e9termination \u00e0 contribuer, de concert avec le Pape Fran\u00e7ois, au renforcement des relations s\u00e9culaires qui unissent le Royaume du Maroc et la Cit\u00e9 du Vatican, \u00e0 \u0153uvrer au service de la paix et de la s\u00e9curit\u00e9 \u00e0 travers le monde et \u00e0 promouvoir le dialogue, la coexistence et la compr\u00e9hension entre diff\u00e9rents peuples.<\/p>\n<p class=\"rtejustify\">\u00a0<\/p>\n<p>Auteur: mbasraoui<br \/>\n<a href=\"https:\/\/www.leconomiste.com\/flash-infos\/le-roi-mohammed-vi-felicite-le-pape-francois\">Cliquez ici pour lire l&rsquo;article depuis sa source.<\/a><\/p>\n","protected":false},"excerpt":{"rendered":"<p>Le Roi Mohammed VI, Amir Al-Mouminine, a adress\u00e9 un message de v\u0153ux et de f\u00e9licitations \u00e0 Sa Saintet\u00e9 le Pape Fran\u00e7ois \u00e0 l\u2019occasion du huiti\u00e8me anniversaire de son pontificat. Dans ce message, le Souverain exprime \u00e0 Sa Saintet\u00e9 le Pape Fran\u00e7ois Ses vives f\u00e9licitations et Ses sinc\u00e8res v\u0153ux de sant\u00e9, de bonheur et de davantage [&hellip;]<\/p>\n","protected":false},"author":1763,"featured_media":0,"comment_status":"closed","ping_status":"closed","sticky":false,"template":"","format":"standard","meta":{"fifu_image_url":"","fifu_image_alt":"","footnotes":""},"categories":[78,54],"tags":[],"class_list":["post-113035","post","type-post","status-publish","format-standard","hentry","category-economie","category-maroc"],"_links":{"self":[{"href":"https:\/\/linitiative.ca\/International\/wp-json\/wp\/v2\/posts\/113035","targetHints":{"allow":["GET"]}}],"collection":[{"href":"https:\/\/linitiative.ca\/International\/wp-json\/wp\/v2\/posts"}],"about":[{"href":"https:\/\/linitiative.ca\/International\/wp-json\/wp\/v2\/types\/post"}],"author":[{"embeddable":true,"href":"https:\/\/linitiative.ca\/International\/wp-json\/wp\/v2\/users\/1763"}],"replies":[{"embeddable":true,"href":"https:\/\/linitiative.ca\/International\/wp-json\/wp\/v2\/comments?post=113035"}],"version-history":[{"count":0,"href":"https:\/\/linitiative.ca\/International\/wp-json\/wp\/v2\/posts\/113035\/revisions"}],"wp:attachment":[{"href":"https:\/\/linitiative.ca\/International\/wp-json\/wp\/v2\/media?parent=113035"}],"wp:term":[{"taxonomy":"category","embeddable":true,"href":"https:\/\/linitiative.ca\/International\/wp-json\/wp\/v2\/categories?post=113035"},{"taxonomy":"post_tag","embeddable":true,"href":"https:\/\/linitiative.ca\/International\/wp-json\/wp\/v2\/tags?post=113035"}],"curies":[{"name":"wp","href":"https:\/\/api.w.org\/{rel}","templated":true}]}}