{"id":113038,"date":"2021-03-13T15:14:11","date_gmt":"2021-03-13T20:14:11","guid":{"rendered":"https:\/\/linitiative.ca\/International\/equipe-dalgerie-le-fc-metz-chamboule-les-plans-de-belmadi\/"},"modified":"2021-03-13T15:14:11","modified_gmt":"2021-03-13T20:14:11","slug":"equipe-dalgerie-le-fc-metz-chamboule-les-plans-de-belmadi","status":"publish","type":"post","link":"https:\/\/linitiative.ca\/International\/equipe-dalgerie-le-fc-metz-chamboule-les-plans-de-belmadi\/","title":{"rendered":"Equipe d&rsquo;Alg\u00e9rie : Le FC Metz chamboule les plans de Belmadi"},"content":{"rendered":"<div readability=\"32\">\n<p>Auteur : <span class=\"time\">samedi 13 mars 2021 14:48<\/span><\/p>\n<\/div>\n<div id=\"post_core\" readability=\"41\">\n<p>L\u2019entra\u00eeneur du FC Metz a annonc\u00e9 son refus de lib\u00e9rer ses joueurs africains pour la prochaine date FIFA pr\u00e9vue en ce mois de mars\u00a0:\u00a0\u00abOn a annonc\u00e9 aux joueurs concern\u00e9s qu\u2019on ne les lib\u00e9rerait pas. J\u2019ai une dizaine de joueurs s\u00e9lectionnables dont huit titulaires. Je ne peux pas m\u2019en priver pour les deux matchs \u00e0 Monaco (en L 1, le samedi 3 avril, puis en 8es de finale de la Coupe de France le mardi 6 avril). Une d\u00e9cision tr\u00e8s intelligente a \u00e9t\u00e9 prise en Am\u00e9rique du sud (consistant \u00e0 reporter les matches de qualification pr\u00e9vus). L\u2019Afrique et l\u2019Asie devraient s\u2019en inspirer\u2026 \u00bb a indiqu\u00e9 l\u2019entra\u00eeneur du FC Metz, Fr\u00e9d\u00e9ric Antonetti, \u00e0 L\u2019Equipe. Ainsi donc, le s\u00e9lectionneur national, Djamel Belmadi ne pourra pas compter sur ses deux joueurs Alexandre Oukidja et Farid Boulaya lors des deux prochaines sorties des Verts face \u00e0 la Zambie et le Botswana.<\/p>\n<p><strong>Publi\u00e9 dans :<\/strong> <span>Belmadi<\/span><\/p>\n<\/div>\n<p>Auteur:<br \/>\n<a href=\"http:\/\/www.lebuteur.com\/article\/detail?titre=le-fc-metz-chamboule-les-plans-de-belmadi&#038;id=99378&#038;utm_source=feedburner&#038;utm_medium=feed&#038;utm_campaign=Feed%3A+GalerieFArtciles+%28Les+derniers+articles++-+lebuteur.com%29\">Cliquez ici pour lire l&rsquo;article depuis sa source.<\/a><\/p>\n","protected":false},"excerpt":{"rendered":"<p>Auteur : samedi 13 mars 2021 14:48 L\u2019entra\u00eeneur du FC Metz a annonc\u00e9 son refus de lib\u00e9rer ses joueurs africains pour la prochaine date FIFA pr\u00e9vue en ce mois de mars\u00a0:\u00a0\u00abOn a annonc\u00e9 aux joueurs concern\u00e9s qu\u2019on ne les lib\u00e9rerait pas. J\u2019ai une dizaine de joueurs s\u00e9lectionnables dont huit titulaires. Je ne peux pas m\u2019en [&hellip;]<\/p>\n","protected":false},"author":1738,"featured_media":0,"comment_status":"closed","ping_status":"closed","sticky":false,"template":"","format":"standard","meta":{"fifu_image_url":"\/\/cdn.lebuteur.com\/data\/images\/article\/thumbs\/large-le-fc-metz-chamboule-les-plans-de-belmadi-52fcd.jpg","fifu_image_alt":"Equipe d'Alg\u00e9rie : Le FC Metz chamboule les plans de Belmadi","footnotes":""},"categories":[53,75],"tags":[],"class_list":["post-113038","post","type-post","status-publish","format-standard","hentry","category-algerie","category-sport"],"_links":{"self":[{"href":"https:\/\/linitiative.ca\/International\/wp-json\/wp\/v2\/posts\/113038","targetHints":{"allow":["GET"]}}],"collection":[{"href":"https:\/\/linitiative.ca\/International\/wp-json\/wp\/v2\/posts"}],"about":[{"href":"https:\/\/linitiative.ca\/International\/wp-json\/wp\/v2\/types\/post"}],"author":[{"embeddable":true,"href":"https:\/\/linitiative.ca\/International\/wp-json\/wp\/v2\/users\/1738"}],"replies":[{"embeddable":true,"href":"https:\/\/linitiative.ca\/International\/wp-json\/wp\/v2\/comments?post=113038"}],"version-history":[{"count":0,"href":"https:\/\/linitiative.ca\/International\/wp-json\/wp\/v2\/posts\/113038\/revisions"}],"wp:attachment":[{"href":"https:\/\/linitiative.ca\/International\/wp-json\/wp\/v2\/media?parent=113038"}],"wp:term":[{"taxonomy":"category","embeddable":true,"href":"https:\/\/linitiative.ca\/International\/wp-json\/wp\/v2\/categories?post=113038"},{"taxonomy":"post_tag","embeddable":true,"href":"https:\/\/linitiative.ca\/International\/wp-json\/wp\/v2\/tags?post=113038"}],"curies":[{"name":"wp","href":"https:\/\/api.w.org\/{rel}","templated":true}]}}