{"id":113040,"date":"2021-03-13T15:14:14","date_gmt":"2021-03-13T20:14:14","guid":{"rendered":"https:\/\/linitiative.ca\/International\/international-liga-le-real-peut-remercier-benzema-face-a-elche\/"},"modified":"2021-03-13T15:14:14","modified_gmt":"2021-03-13T20:14:14","slug":"international-liga-le-real-peut-remercier-benzema-face-a-elche","status":"publish","type":"post","link":"https:\/\/linitiative.ca\/International\/international-liga-le-real-peut-remercier-benzema-face-a-elche\/","title":{"rendered":"International : Liga : Le Real peut remercier Benzema face \u00e0 Elche"},"content":{"rendered":"<div readability=\"32\">\n<p>Auteur : <span class=\"time\">samedi 13 mars 2021 19:48<\/span><\/p>\n<\/div>\n<div id=\"post_core\" readability=\"53\">\n<p>Men\u00e9e jusqu&rsquo;au dernier quart d&rsquo;heure, la Maison Blanche a finalement renvers\u00e9 Elche (2-1) ce samedi, dans le cadre de la 27e journ\u00e9e de Liga. A l&rsquo;occasion des retours de Ramos, titualaire, et Hazard, lanc\u00e9 apr\u00e8s l&rsquo;heure de jeu, les Merengue avaient pourtant \u00e9t\u00e9 surpris par un but de Calvo (61e) comme l&rsquo;indique Maxifoot<\/p>\n<p>Mais le leader Benzema, encore lui, a une nouvelle fois endoss\u00e9 le r\u00f4le de sauveur en inscrivant un doubl\u00e9 d\u00e9cisif ! D&rsquo;abord de la t\u00eate sur un excellent service de Modric (73e), puis d&rsquo;une vol\u00e9e apr\u00e8s une belle remise de Rodrygo au bout du suspense (90e+1) ! Un succ\u00e8s \u00e0 l&rsquo;arrach\u00e9e, qui permet aux hommes de Zin\u00e9dine Zidane de chiper au classement la 2e place au FC Barcelone, qui recevra Huesca dimanche (21h).<\/p>\n<p><strong>Publi\u00e9 dans :<\/strong> <span>real madrid<\/span><\/p>\n<\/div>\n<p>Auteur:<br \/>\n<a href=\"http:\/\/www.lebuteur.com\/article\/detail?titre=liga-le-real-peut-remercier-benzema-face-a-elche&#038;id=99380&#038;utm_source=feedburner&#038;utm_medium=feed&#038;utm_campaign=Feed%3A+GalerieFArtciles+%28Les+derniers+articles++-+lebuteur.com%29\">Cliquez ici pour lire l&rsquo;article depuis sa source.<\/a><\/p>\n","protected":false},"excerpt":{"rendered":"<p>Auteur : samedi 13 mars 2021 19:48 Men\u00e9e jusqu&rsquo;au dernier quart d&rsquo;heure, la Maison Blanche a finalement renvers\u00e9 Elche (2-1) ce samedi, dans le cadre de la 27e journ\u00e9e de Liga. A l&rsquo;occasion des retours de Ramos, titualaire, et Hazard, lanc\u00e9 apr\u00e8s l&rsquo;heure de jeu, les Merengue avaient pourtant \u00e9t\u00e9 surpris par un but de [&hellip;]<\/p>\n","protected":false},"author":1738,"featured_media":0,"comment_status":"closed","ping_status":"closed","sticky":false,"template":"","format":"standard","meta":{"fifu_image_url":"\/\/cdn.lebuteur.com\/data\/images\/article\/thumbs\/large-liga-le-real-peut-remercier-benzema-face-a-elche-1fa6c.jpg","fifu_image_alt":"International : Liga : Le Real peut remercier Benzema face \u00e0 Elche","footnotes":""},"categories":[53,75],"tags":[],"class_list":["post-113040","post","type-post","status-publish","format-standard","hentry","category-algerie","category-sport"],"_links":{"self":[{"href":"https:\/\/linitiative.ca\/International\/wp-json\/wp\/v2\/posts\/113040","targetHints":{"allow":["GET"]}}],"collection":[{"href":"https:\/\/linitiative.ca\/International\/wp-json\/wp\/v2\/posts"}],"about":[{"href":"https:\/\/linitiative.ca\/International\/wp-json\/wp\/v2\/types\/post"}],"author":[{"embeddable":true,"href":"https:\/\/linitiative.ca\/International\/wp-json\/wp\/v2\/users\/1738"}],"replies":[{"embeddable":true,"href":"https:\/\/linitiative.ca\/International\/wp-json\/wp\/v2\/comments?post=113040"}],"version-history":[{"count":0,"href":"https:\/\/linitiative.ca\/International\/wp-json\/wp\/v2\/posts\/113040\/revisions"}],"wp:attachment":[{"href":"https:\/\/linitiative.ca\/International\/wp-json\/wp\/v2\/media?parent=113040"}],"wp:term":[{"taxonomy":"category","embeddable":true,"href":"https:\/\/linitiative.ca\/International\/wp-json\/wp\/v2\/categories?post=113040"},{"taxonomy":"post_tag","embeddable":true,"href":"https:\/\/linitiative.ca\/International\/wp-json\/wp\/v2\/tags?post=113040"}],"curies":[{"name":"wp","href":"https:\/\/api.w.org\/{rel}","templated":true}]}}