{"id":113041,"date":"2021-03-13T15:14:16","date_gmt":"2021-03-13T20:14:16","guid":{"rendered":"https:\/\/linitiative.ca\/International\/pros-man-city-mahrez-remplacant-face-a-fulham\/"},"modified":"2021-03-13T15:14:16","modified_gmt":"2021-03-13T20:14:16","slug":"pros-man-city-mahrez-remplacant-face-a-fulham","status":"publish","type":"post","link":"https:\/\/linitiative.ca\/International\/pros-man-city-mahrez-remplacant-face-a-fulham\/","title":{"rendered":"Pros : Man City : Mahrez rempla\u00e7ant face \u00e0 Fulham"},"content":{"rendered":"<div readability=\"32\">\n<p>Auteur : <span class=\"time\">samedi 13 mars 2021 20:24<\/span><\/p>\n<\/div>\n<div id=\"post_core\" readability=\"56\">\n<p>Solide leader du classement et en route vers le titre de champion, Manchester City se trouve \u00e0 Craven Cottage pour affronter Fulham, dans le cadre de la 28e journ\u00e9e de Premier League. Voici les compositions d&rsquo;\u00e9quipes pour ce match :<\/p>\n<p><strong>Fulham :<\/strong> Areola \u2013 Tete, Andersen, Adarabioyo, Aina \u2013 Loftus-Cheek, Lemina, Reed, Lookman \u2013 Anguissa, Cavaleiro.<\/p>\n<p><strong>Manchester City :<\/strong> Ederson \u2013 Cancelo, Dias, Stones, Laporte, Mendy \u2013 Rodrigo, Bernardo Silva, Torres \u2013 Gabriel Jesus, Ag\u00fcero.<\/p>\n<p><strong>Publi\u00e9 dans :<\/strong> <span>Mahrez<\/span><\/p>\n<\/div>\n<p>Auteur:<br \/>\n<a href=\"http:\/\/www.lebuteur.com\/article\/detail?titre=man-city-mahrez-remplacant-face-a-fulham&#038;id=99381&#038;utm_source=feedburner&#038;utm_medium=feed&#038;utm_campaign=Feed%3A+GalerieFArtciles+%28Les+derniers+articles++-+lebuteur.com%29\">Cliquez ici pour lire l&rsquo;article depuis sa source.<\/a><\/p>\n","protected":false},"excerpt":{"rendered":"<p>Auteur : samedi 13 mars 2021 20:24 Solide leader du classement et en route vers le titre de champion, Manchester City se trouve \u00e0 Craven Cottage pour affronter Fulham, dans le cadre de la 28e journ\u00e9e de Premier League. Voici les compositions d&rsquo;\u00e9quipes pour ce match : Fulham : Areola \u2013 Tete, Andersen, Adarabioyo, Aina [&hellip;]<\/p>\n","protected":false},"author":1738,"featured_media":0,"comment_status":"closed","ping_status":"closed","sticky":false,"template":"","format":"standard","meta":{"fifu_image_url":"\/\/cdn.lebuteur.com\/data\/images\/article\/thumbs\/large-man-city-mahrez-remplacant-face-a-fulham-406bc.jpg","fifu_image_alt":"Pros : Man City : Mahrez rempla\u00e7ant face \u00e0 Fulham","footnotes":""},"categories":[53,75],"tags":[],"class_list":["post-113041","post","type-post","status-publish","format-standard","hentry","category-algerie","category-sport"],"_links":{"self":[{"href":"https:\/\/linitiative.ca\/International\/wp-json\/wp\/v2\/posts\/113041","targetHints":{"allow":["GET"]}}],"collection":[{"href":"https:\/\/linitiative.ca\/International\/wp-json\/wp\/v2\/posts"}],"about":[{"href":"https:\/\/linitiative.ca\/International\/wp-json\/wp\/v2\/types\/post"}],"author":[{"embeddable":true,"href":"https:\/\/linitiative.ca\/International\/wp-json\/wp\/v2\/users\/1738"}],"replies":[{"embeddable":true,"href":"https:\/\/linitiative.ca\/International\/wp-json\/wp\/v2\/comments?post=113041"}],"version-history":[{"count":0,"href":"https:\/\/linitiative.ca\/International\/wp-json\/wp\/v2\/posts\/113041\/revisions"}],"wp:attachment":[{"href":"https:\/\/linitiative.ca\/International\/wp-json\/wp\/v2\/media?parent=113041"}],"wp:term":[{"taxonomy":"category","embeddable":true,"href":"https:\/\/linitiative.ca\/International\/wp-json\/wp\/v2\/categories?post=113041"},{"taxonomy":"post_tag","embeddable":true,"href":"https:\/\/linitiative.ca\/International\/wp-json\/wp\/v2\/tags?post=113041"}],"curies":[{"name":"wp","href":"https:\/\/api.w.org\/{rel}","templated":true}]}}