{"id":113043,"date":"2021-03-13T05:40:00","date_gmt":"2021-03-13T10:40:00","guid":{"rendered":"https:\/\/linitiative.ca\/International\/sami-bouajila-remporte-le-prix-du-meilleur-acteur-le-cinema-tunisien-a-lhonneur-a-la-ceremonie-des-cesars\/"},"modified":"2021-03-13T05:40:00","modified_gmt":"2021-03-13T10:40:00","slug":"sami-bouajila-remporte-le-prix-du-meilleur-acteur-le-cinema-tunisien-a-lhonneur-a-la-ceremonie-des-cesars","status":"publish","type":"post","link":"https:\/\/linitiative.ca\/International\/sami-bouajila-remporte-le-prix-du-meilleur-acteur-le-cinema-tunisien-a-lhonneur-a-la-ceremonie-des-cesars\/","title":{"rendered":"Sami Bouajila remporte le prix du meilleur acteur : Le cin\u00e9ma tunisien \u00e0 l&rsquo;honneur \u00e0 la c\u00e9r\u00e9monie des Cesars"},"content":{"rendered":"<p>L&rsquo;acteur tunisien Sami Bouajila a remport\u00e9 ce 12 mars, le C\u00e9sar du meilleur acteur pour son r\u00f4le dans le film Le Fils, r\u00e9alis\u00e9 par un autre tunisien, Mehdi Barsaoui.<\/p>\n<p>Notre acteur avait d\u00e9j\u00e0 obtenu la statuette du meilleur acteur au dernier Festival de Venise.<\/p>\n<p>Commentant cette \u00e9ni\u00e8me distinction de Bouajila, l&rsquo;AFP \u00e9crit notamment :<\/p>\n<p>\u00ab\u00a0Sami Bouajila, r\u00e9compens\u00e9 vendredi du C\u00e9sar du meilleur acteur pour son r\u00f4le de p\u00e8re d\u00e9chir\u00e9 dans <em>Un fils<\/em>, a r\u00e9ussi \u00e0 sortir des r\u00f4les de \u00ab\u00a0beur\u00a0\u00bb gr\u00e2ce au cin\u00e9ma d&rsquo;auteur.<\/p>\n<blockquote class=\"embed embed_quote\" readability=\"8\">\n<p>\u00ab\u00a0J&rsquo;ai souvent l&rsquo;impression que les r\u00f4les nous choisissent, plus qu&rsquo;on les choisit\u00a0\u00bb, a d\u00e9clar\u00e9 l&rsquo;acteur en recevant son prix des mains de Fanny Ardant.<\/p>\n<\/blockquote>\n<p>Avec une s\u00e9rie de r\u00f4les d&rsquo;envergure depuis trente ans, il a gagn\u00e9 la reconnaissance de ses pairs: prix d&rsquo;interpr\u00e9tation \u00e0 Cannes pour <em>Indig\u00e8nes<\/em> de Rachid Bouchareb (2006), C\u00e9sar du meilleur second r\u00f4le pour <em>Les t\u00e9moins<\/em> d&rsquo;Andr\u00e9 T\u00e9chin\u00e9 (2007) et derni\u00e8rement une nouvelle distinction comme meilleur acteur dans une s\u00e9lection de la Mostra de Venise pour <em>Un Fils\u00a0\u00bb<\/em>.<\/p>\n<p>Auteur:<br \/>\n<a href=\"https:\/\/www.leaders.com.tn\/article\/31570-sami-ajila-remporte-le-prix-du-meilleur-acteur-le-cinema-tunisien-a-l-honneur-a-la-ceremonie-des-cesars\">Cliquez ici pour lire l&rsquo;article depuis sa source.<\/a><\/p>\n","protected":false},"excerpt":{"rendered":"<p>L&rsquo;acteur tunisien Sami Bouajila a remport\u00e9 ce 12 mars, le C\u00e9sar du meilleur acteur pour son r\u00f4le dans le film Le Fils, r\u00e9alis\u00e9 par un autre tunisien, Mehdi Barsaoui. Notre acteur avait d\u00e9j\u00e0 obtenu la statuette du meilleur acteur au dernier Festival de Venise. Commentant cette \u00e9ni\u00e8me distinction de Bouajila, l&rsquo;AFP \u00e9crit notamment : \u00ab\u00a0Sami [&hellip;]<\/p>\n","protected":false},"author":1772,"featured_media":0,"comment_status":"closed","ping_status":"closed","sticky":false,"template":"","format":"standard","meta":{"fifu_image_url":"","fifu_image_alt":"","footnotes":""},"categories":[73,55],"tags":[],"class_list":["post-113043","post","type-post","status-publish","format-standard","hentry","category-actualite","category-tunisie"],"_links":{"self":[{"href":"https:\/\/linitiative.ca\/International\/wp-json\/wp\/v2\/posts\/113043","targetHints":{"allow":["GET"]}}],"collection":[{"href":"https:\/\/linitiative.ca\/International\/wp-json\/wp\/v2\/posts"}],"about":[{"href":"https:\/\/linitiative.ca\/International\/wp-json\/wp\/v2\/types\/post"}],"author":[{"embeddable":true,"href":"https:\/\/linitiative.ca\/International\/wp-json\/wp\/v2\/users\/1772"}],"replies":[{"embeddable":true,"href":"https:\/\/linitiative.ca\/International\/wp-json\/wp\/v2\/comments?post=113043"}],"version-history":[{"count":0,"href":"https:\/\/linitiative.ca\/International\/wp-json\/wp\/v2\/posts\/113043\/revisions"}],"wp:attachment":[{"href":"https:\/\/linitiative.ca\/International\/wp-json\/wp\/v2\/media?parent=113043"}],"wp:term":[{"taxonomy":"category","embeddable":true,"href":"https:\/\/linitiative.ca\/International\/wp-json\/wp\/v2\/categories?post=113043"},{"taxonomy":"post_tag","embeddable":true,"href":"https:\/\/linitiative.ca\/International\/wp-json\/wp\/v2\/tags?post=113043"}],"curies":[{"name":"wp","href":"https:\/\/api.w.org\/{rel}","templated":true}]}}