{"id":113046,"date":"2021-03-13T05:00:00","date_gmt":"2021-03-13T10:00:00","guid":{"rendered":"https:\/\/linitiative.ca\/International\/fin-dun-regne-a-la-seaal\/"},"modified":"2021-03-13T05:00:00","modified_gmt":"2021-03-13T10:00:00","slug":"fin-dun-regne-a-la-seaal","status":"publish","type":"post","link":"https:\/\/linitiative.ca\/International\/fin-dun-regne-a-la-seaal\/","title":{"rendered":"Fin d&rsquo;un r\u00e8gne \u00e0 la Seaal"},"content":{"rendered":"<p class=\"c3\">Longtemps consid\u00e9r\u00e9 comme ind\u00e9tr\u00f4nable, Slimane Bouchair, secr\u00e9taire g\u00e9n\u00e9ral du syndicat d&rsquo;entreprise Seaal et pr\u00e9sident du comit\u00e9 de participation, a \u00e9t\u00e9 suspendu de ses fonctions par la nouvelle direction de l\u2019entreprise.<br \/>Cette derni\u00e8re a engag\u00e9 des poursuites judiciaires contre le concern\u00e9 qu\u2019elle accuse de faits graves dont \u00ab abus de fonction, faux et usage de faux et corruption \u00bb, indiquent des sources inform\u00e9es.\u00a0<\/p>\n<p>Auteur:<br \/>\n<a href=\"https:\/\/www.lesoirdalgerie.com\/periscoop\/fin-dun-regne-a-la-seaal-57766\">Cliquez ici pour lire l&rsquo;article depuis sa source.<\/a><\/p>\n","protected":false},"excerpt":{"rendered":"<p>Longtemps consid\u00e9r\u00e9 comme ind\u00e9tr\u00f4nable, Slimane Bouchair, secr\u00e9taire g\u00e9n\u00e9ral du syndicat d&rsquo;entreprise Seaal et pr\u00e9sident du comit\u00e9 de participation, a \u00e9t\u00e9 suspendu de ses fonctions par la nouvelle direction de l\u2019entreprise.Cette derni\u00e8re a engag\u00e9 des poursuites judiciaires contre le concern\u00e9 qu\u2019elle accuse de faits graves dont \u00ab abus de fonction, faux et usage de faux et [&hellip;]<\/p>\n","protected":false},"author":1741,"featured_media":0,"comment_status":"closed","ping_status":"closed","sticky":false,"template":"","format":"standard","meta":{"fifu_image_url":"","fifu_image_alt":"","footnotes":""},"categories":[73,53],"tags":[],"class_list":["post-113046","post","type-post","status-publish","format-standard","hentry","category-actualite","category-algerie"],"_links":{"self":[{"href":"https:\/\/linitiative.ca\/International\/wp-json\/wp\/v2\/posts\/113046","targetHints":{"allow":["GET"]}}],"collection":[{"href":"https:\/\/linitiative.ca\/International\/wp-json\/wp\/v2\/posts"}],"about":[{"href":"https:\/\/linitiative.ca\/International\/wp-json\/wp\/v2\/types\/post"}],"author":[{"embeddable":true,"href":"https:\/\/linitiative.ca\/International\/wp-json\/wp\/v2\/users\/1741"}],"replies":[{"embeddable":true,"href":"https:\/\/linitiative.ca\/International\/wp-json\/wp\/v2\/comments?post=113046"}],"version-history":[{"count":0,"href":"https:\/\/linitiative.ca\/International\/wp-json\/wp\/v2\/posts\/113046\/revisions"}],"wp:attachment":[{"href":"https:\/\/linitiative.ca\/International\/wp-json\/wp\/v2\/media?parent=113046"}],"wp:term":[{"taxonomy":"category","embeddable":true,"href":"https:\/\/linitiative.ca\/International\/wp-json\/wp\/v2\/categories?post=113046"},{"taxonomy":"post_tag","embeddable":true,"href":"https:\/\/linitiative.ca\/International\/wp-json\/wp\/v2\/tags?post=113046"}],"curies":[{"name":"wp","href":"https:\/\/api.w.org\/{rel}","templated":true}]}}