{"id":113047,"date":"2021-03-13T05:00:00","date_gmt":"2021-03-13T10:00:00","guid":{"rendered":"https:\/\/linitiative.ca\/International\/un-pullman-pour-oran\/"},"modified":"2021-03-13T05:00:00","modified_gmt":"2021-03-13T10:00:00","slug":"un-pullman-pour-oran","status":"publish","type":"post","link":"https:\/\/linitiative.ca\/International\/un-pullman-pour-oran\/","title":{"rendered":"Un Pullman pour Oran"},"content":{"rendered":"<p class=\"c3\">L&rsquo;h\u00f4tel Sheraton d&rsquo;Oran est pass\u00e9 sous la coupe du groupe h\u00f4telier fran\u00e7ais Accor et s&rsquo;appelle d\u00e9sormais Oran Bay Hotel.\u00a0<br \/>Cette phase provisoire devrait durer quelque temps avant que l&rsquo;\u00e9tablissement ne subisse une r\u00e9novation. \u00c0 terme, ce cinq \u00e9toiles, ouvert en 2005, prendra le label Pullman, la marque de luxe du groupe Accor.<\/p>\n<p>Auteur:<br \/>\n<a href=\"https:\/\/www.lesoirdalgerie.com\/periscoop\/un-pullman-pour-oran-57765\">Cliquez ici pour lire l&rsquo;article depuis sa source.<\/a><\/p>\n","protected":false},"excerpt":{"rendered":"<p>L&rsquo;h\u00f4tel Sheraton d&rsquo;Oran est pass\u00e9 sous la coupe du groupe h\u00f4telier fran\u00e7ais Accor et s&rsquo;appelle d\u00e9sormais Oran Bay Hotel.\u00a0Cette phase provisoire devrait durer quelque temps avant que l&rsquo;\u00e9tablissement ne subisse une r\u00e9novation. \u00c0 terme, ce cinq \u00e9toiles, ouvert en 2005, prendra le label Pullman, la marque de luxe du groupe Accor. Auteur: Cliquez ici pour [&hellip;]<\/p>\n","protected":false},"author":1741,"featured_media":0,"comment_status":"closed","ping_status":"closed","sticky":false,"template":"","format":"standard","meta":{"fifu_image_url":"","fifu_image_alt":"","footnotes":""},"categories":[73,53],"tags":[],"class_list":["post-113047","post","type-post","status-publish","format-standard","hentry","category-actualite","category-algerie"],"_links":{"self":[{"href":"https:\/\/linitiative.ca\/International\/wp-json\/wp\/v2\/posts\/113047","targetHints":{"allow":["GET"]}}],"collection":[{"href":"https:\/\/linitiative.ca\/International\/wp-json\/wp\/v2\/posts"}],"about":[{"href":"https:\/\/linitiative.ca\/International\/wp-json\/wp\/v2\/types\/post"}],"author":[{"embeddable":true,"href":"https:\/\/linitiative.ca\/International\/wp-json\/wp\/v2\/users\/1741"}],"replies":[{"embeddable":true,"href":"https:\/\/linitiative.ca\/International\/wp-json\/wp\/v2\/comments?post=113047"}],"version-history":[{"count":0,"href":"https:\/\/linitiative.ca\/International\/wp-json\/wp\/v2\/posts\/113047\/revisions"}],"wp:attachment":[{"href":"https:\/\/linitiative.ca\/International\/wp-json\/wp\/v2\/media?parent=113047"}],"wp:term":[{"taxonomy":"category","embeddable":true,"href":"https:\/\/linitiative.ca\/International\/wp-json\/wp\/v2\/categories?post=113047"},{"taxonomy":"post_tag","embeddable":true,"href":"https:\/\/linitiative.ca\/International\/wp-json\/wp\/v2\/tags?post=113047"}],"curies":[{"name":"wp","href":"https:\/\/api.w.org\/{rel}","templated":true}]}}