{"id":113048,"date":"2021-03-13T05:00:00","date_gmt":"2021-03-13T10:00:00","guid":{"rendered":"https:\/\/linitiative.ca\/International\/le-grand-conclave-du-fln\/"},"modified":"2021-03-13T05:00:00","modified_gmt":"2021-03-13T10:00:00","slug":"le-grand-conclave-du-fln","status":"publish","type":"post","link":"https:\/\/linitiative.ca\/International\/le-grand-conclave-du-fln\/","title":{"rendered":"Le grand conclave du FLN"},"content":{"rendered":"<p class=\"c3\">Le Front de lib\u00e9ration nationale r\u00e9unira, mercredi prochain, au Centre international des conf\u00e9rences (CIC) \u00e0 Club-des-Pins \u00e0 Alger, l\u2019ensemble de ses mouhafedh, au nombre de 119, en plus des membres et cadres de sa direction. C\u2019est ce que nous apprenons de source s\u00fbre qui nous confie, en outre, que ce conclave sera enti\u00e8rement consacr\u00e9 \u00e0 l\u2019examen de l\u2019instruction interne, un document de plusieurs pages, expliquant\u00a0 aux responsables au niveau des wilayas toutes les d\u00e9marches \u00e0 entreprendre, en pr\u00e9vision des l\u00e9gislatives du 12 juin prochain.\u00a0<br \/>Ce grand conclave sera \u00e9galement pr\u00e9c\u00e9d\u00e9 par une r\u00e9union du bureau politique, demain dimanche.<\/p>\n<p>Auteur:<br \/>\n<a href=\"https:\/\/www.lesoirdalgerie.com\/periscoop\/le-grand-conclave-du-fln-57764\">Cliquez ici pour lire l&rsquo;article depuis sa source.<\/a><\/p>\n","protected":false},"excerpt":{"rendered":"<p>Le Front de lib\u00e9ration nationale r\u00e9unira, mercredi prochain, au Centre international des conf\u00e9rences (CIC) \u00e0 Club-des-Pins \u00e0 Alger, l\u2019ensemble de ses mouhafedh, au nombre de 119, en plus des membres et cadres de sa direction. C\u2019est ce que nous apprenons de source s\u00fbre qui nous confie, en outre, que ce conclave sera enti\u00e8rement consacr\u00e9 \u00e0 [&hellip;]<\/p>\n","protected":false},"author":1741,"featured_media":0,"comment_status":"closed","ping_status":"closed","sticky":false,"template":"","format":"standard","meta":{"fifu_image_url":"","fifu_image_alt":"","footnotes":""},"categories":[73,53],"tags":[],"class_list":["post-113048","post","type-post","status-publish","format-standard","hentry","category-actualite","category-algerie"],"_links":{"self":[{"href":"https:\/\/linitiative.ca\/International\/wp-json\/wp\/v2\/posts\/113048","targetHints":{"allow":["GET"]}}],"collection":[{"href":"https:\/\/linitiative.ca\/International\/wp-json\/wp\/v2\/posts"}],"about":[{"href":"https:\/\/linitiative.ca\/International\/wp-json\/wp\/v2\/types\/post"}],"author":[{"embeddable":true,"href":"https:\/\/linitiative.ca\/International\/wp-json\/wp\/v2\/users\/1741"}],"replies":[{"embeddable":true,"href":"https:\/\/linitiative.ca\/International\/wp-json\/wp\/v2\/comments?post=113048"}],"version-history":[{"count":0,"href":"https:\/\/linitiative.ca\/International\/wp-json\/wp\/v2\/posts\/113048\/revisions"}],"wp:attachment":[{"href":"https:\/\/linitiative.ca\/International\/wp-json\/wp\/v2\/media?parent=113048"}],"wp:term":[{"taxonomy":"category","embeddable":true,"href":"https:\/\/linitiative.ca\/International\/wp-json\/wp\/v2\/categories?post=113048"},{"taxonomy":"post_tag","embeddable":true,"href":"https:\/\/linitiative.ca\/International\/wp-json\/wp\/v2\/tags?post=113048"}],"curies":[{"name":"wp","href":"https:\/\/api.w.org\/{rel}","templated":true}]}}