{"id":113051,"date":"2021-03-13T04:45:23","date_gmt":"2021-03-13T09:45:23","guid":{"rendered":"https:\/\/linitiative.ca\/International\/50-femmes-qui-comptent-kenza-el-alaoui-directrice-des-industries-de-lautomobile-au-ministere-de-lindustrie-du-commerce-et-de-leconomie-verte-et-numerique\/"},"modified":"2021-03-13T04:45:23","modified_gmt":"2021-03-13T09:45:23","slug":"50-femmes-qui-comptent-kenza-el-alaoui-directrice-des-industries-de-lautomobile-au-ministere-de-lindustrie-du-commerce-et-de-leconomie-verte-et-numerique","status":"publish","type":"post","link":"https:\/\/linitiative.ca\/International\/50-femmes-qui-comptent-kenza-el-alaoui-directrice-des-industries-de-lautomobile-au-ministere-de-lindustrie-du-commerce-et-de-leconomie-verte-et-numerique\/","title":{"rendered":"50 femmes qui comptent : Kenza El Alaoui, Directrice des industries de l\u2019automobile au Minist\u00e8re de l\u2019Industrie, du Commerce et de l\u2019Economie Verte et Num\u00e9rique"},"content":{"rendered":"<p><strong>Pour nous, il ne s\u2019agit pas de c\u00e9l\u00e9brer la journ\u00e9e de la femme, comme un cadeau annuel fait \u00e0 la gent f\u00e9minine. C\u2019est plut\u00f4t l\u2019occasion de faire le point sur un combat essentiel, celui de l\u2019\u00e9mancipation de la moiti\u00e9 de la population et l\u2019\u00e9valuation de son apport aux transformations sociales, ce que l\u2019on appelle commun\u00e9ment d\u00e9veloppement et qui ne se r\u00e9sume pas aux quantifications \u00e9conomiques. Pour cela, nous avons choisi de mettre en avant un riche panel, \u00e0 travers\u00a0ces portraits repr\u00e9sentatifs de cette g\u00e9n\u00e9ration de femmes qui s\u2019assument. Un portrait \u00e0 d\u00e9couvrir :<\/strong>\u00a0<strong>Kenza El Alaoui, Directrice des industries de l\u2019automobile au Minist\u00e8re de l\u2019Industrie, du Commerce et de l\u2019Economie Verte et Num\u00e9rique.<\/strong><\/p>\n<div class=\"c10\">\n<\/div>\n<p>En quelques ann\u00e9es seulement, le Maroc a r\u00e9ussi \u00e0 se hisser parmi les pays de r\u00e9f\u00e9rence en mati\u00e8re de production automobile. Aujourd\u2019hui, avec l\u2019arriv\u00e9e de nouveaux sous-traitants, l\u2019industrie automobile marocaine produit localement des pi\u00e8ces de plus en plus techniques et augmente petit \u00e0 petit son taux d\u2019int\u00e9gration. Ce succ\u00e8s fait boule de neige : de nombreuses entreprises viennent rejoindre les rangs des \u00e9cosyst\u00e8mes automobiles construits autour de grands constructeurs. Kenza El Alaoui a apport\u00e9 sa contribution \u00e0 cette incroyable success-story. Nomm\u00e9e en d\u00e9cembre 2019, Directrice des Industries de l\u2019Automobile \u00e0 la direction g\u00e9n\u00e9rale de l\u2019Industrie, elle \u0153uvre \u00e0 mettre son exp\u00e9rience automobile, acquise au fil des ann\u00e9es, au service de son pays. Ing\u00e9nieur des Mines de Nantes, Kenza El Alaoui fait ses d\u00e9buts en 2005, dans le Groupe PSA en France, d\u00e9sormais STELLANTIS, \u00e0 l\u2019usine de Poissy puis a occup\u00e9 plusieurs postes dans la Direction des Achats du Groupe entre Achats Espaces Media et Achats de Pi\u00e8ces de voitures.<\/p>\n<p><strong>Lire aussi |\u00a0<a rel=\"noreferrer noopener\" href=\"https:\/\/www.challenge.ma\/commandes-publiques-les-soumissionnaires-devront-desormais-deposer-et-retirer-les-enveloppes-par-voie-electronique-177905\/\" target=\"_blank\">Commandes publiques : les soumissionnaires devront d\u00e9sormais d\u00e9poser et retirer les enveloppes par voie \u00e9lectronique<\/a><\/strong><\/p>\n<p>Apr\u00e8s 12 ann\u00e9es pass\u00e9es chez PSA, elle d\u00e9cide de rentrer au bercail o\u00f9 elle rejoint le Groupe RENAULT au Maroc au poste de Manager Senior Achats pendant 2 ans avant d\u2019int\u00e9grer, en 2018, le minist\u00e8re de l\u2019Industrie, du Commerce, de l\u2019Economie Verte et Num\u00e9rique, en tant que Chef de division. \u00ab Dans un environnement de mondialisation tr\u00e8s concurrentiel, notre pays, nos entreprises et nos institutions doivent mobiliser tout leur potentiel humain, hommes et femmes pour r\u00e9ussir les challenges de demain \u00bb, estime Kenza El Alaoui.<\/p>\n<p><strong>Lire aussi |\u00a0<a rel=\"noreferrer noopener\" href=\"https:\/\/www.challenge.ma\/fouzi-lekjaa-premier-marocain-a-sieger-au-comite-executif-de-la-fifa-177865\/\" target=\"_blank\">Fouzi Lekjaa, premier marocain \u00e0 si\u00e9ger au comit\u00e9 ex\u00e9cutif de la FIFA<\/a><\/strong><\/p>\n<p class=\"has-background c11\">Dans un environnement de mondialisation tr\u00e8s concurrentiel, notre pays, nos entreprises et nos institutions doivent mobiliser tout leur potentiel humain, hommes et femmes pour r\u00e9ussir les challenges de demain.<\/p>\n<figure class=\"wp-block-image size-large\"><a href=\"https:\/\/emag.challenge.ma\/780\/mobile\/index.html\"><img decoding=\"async\" loading=\"lazy\" width=\"798\" height=\"1024\" src=\"https:\/\/www.challenge.ma\/wp-content\/uploads\/2021\/03\/Challenge-780-special-8-mars-798x1024.jpg\" alt=\"\" class=\"wp-image-177090\" srcset=\"https:\/\/www.challenge.ma\/wp-content\/uploads\/2021\/03\/Challenge-780-special-8-mars-798x1024.jpg 798w, https:\/\/www.challenge.ma\/wp-content\/uploads\/2021\/03\/Challenge-780-special-8-mars-234x300.jpg 234w, https:\/\/www.challenge.ma\/wp-content\/uploads\/2021\/03\/Challenge-780-special-8-mars-768x986.jpg 768w, https:\/\/www.challenge.ma\/wp-content\/uploads\/2021\/03\/Challenge-780-special-8-mars-360x462.jpg 360w, https:\/\/www.challenge.ma\/wp-content\/uploads\/2021\/03\/Challenge-780-special-8-mars-750x962.jpg 750w, https:\/\/www.challenge.ma\/wp-content\/uploads\/2021\/03\/Challenge-780-special-8-mars.jpg 1013w\" sizes=\"auto, (max-width: 798px) 100vw, 798px\"\/><\/a><\/figure>\n<p>Auteur: challenge<br \/>\n<a href=\"https:\/\/www.challenge.ma\/50-femmes-qui-comptent-kenza-el-alaoui-directrice-des-industries-de-lautomobile-au-ministere-de-lindustrie-du-commerce-et-de-leconomie-verte-et-numerique-177631\/\">Cliquez ici pour lire l&rsquo;article depuis sa source.<\/a><\/p>\n","protected":false},"excerpt":{"rendered":"<p>Pour nous, il ne s\u2019agit pas de c\u00e9l\u00e9brer la journ\u00e9e de la femme, comme un cadeau annuel fait \u00e0 la gent f\u00e9minine. C\u2019est plut\u00f4t l\u2019occasion de faire le point sur un combat essentiel, celui de l\u2019\u00e9mancipation de la moiti\u00e9 de la population et l\u2019\u00e9valuation de son apport aux transformations sociales, ce que l\u2019on appelle commun\u00e9ment [&hellip;]<\/p>\n","protected":false},"author":1787,"featured_media":0,"comment_status":"closed","ping_status":"closed","sticky":false,"template":"","format":"standard","meta":{"fifu_image_url":"https:\/\/www.challenge.ma\/wp-content\/uploads\/2021\/03\/Challenge-780-special-8-mars-798x1024.jpg","fifu_image_alt":"50 femmes qui comptent : Kenza El Alaoui, Directrice des industries de l\u2019automobile au Minist\u00e8re de l\u2019Industrie, du Commerce et de l\u2019Economie Verte et Num\u00e9rique","footnotes":""},"categories":[78,54],"tags":[],"class_list":["post-113051","post","type-post","status-publish","format-standard","hentry","category-economie","category-maroc"],"_links":{"self":[{"href":"https:\/\/linitiative.ca\/International\/wp-json\/wp\/v2\/posts\/113051","targetHints":{"allow":["GET"]}}],"collection":[{"href":"https:\/\/linitiative.ca\/International\/wp-json\/wp\/v2\/posts"}],"about":[{"href":"https:\/\/linitiative.ca\/International\/wp-json\/wp\/v2\/types\/post"}],"author":[{"embeddable":true,"href":"https:\/\/linitiative.ca\/International\/wp-json\/wp\/v2\/users\/1787"}],"replies":[{"embeddable":true,"href":"https:\/\/linitiative.ca\/International\/wp-json\/wp\/v2\/comments?post=113051"}],"version-history":[{"count":0,"href":"https:\/\/linitiative.ca\/International\/wp-json\/wp\/v2\/posts\/113051\/revisions"}],"wp:attachment":[{"href":"https:\/\/linitiative.ca\/International\/wp-json\/wp\/v2\/media?parent=113051"}],"wp:term":[{"taxonomy":"category","embeddable":true,"href":"https:\/\/linitiative.ca\/International\/wp-json\/wp\/v2\/categories?post=113051"},{"taxonomy":"post_tag","embeddable":true,"href":"https:\/\/linitiative.ca\/International\/wp-json\/wp\/v2\/tags?post=113051"}],"curies":[{"name":"wp","href":"https:\/\/api.w.org\/{rel}","templated":true}]}}