{"id":113055,"date":"2021-03-13T16:45:05","date_gmt":"2021-03-13T21:45:05","guid":{"rendered":"https:\/\/linitiative.ca\/International\/tunisie-la-coalition-nationale-tunisienne-denonce-lactivite-suspecte-de-lunion-internationale-des-savants-musulmans\/"},"modified":"2021-03-13T16:45:05","modified_gmt":"2021-03-13T21:45:05","slug":"tunisie-la-coalition-nationale-tunisienne-denonce-lactivite-suspecte-de-lunion-internationale-des-savants-musulmans","status":"publish","type":"post","link":"https:\/\/linitiative.ca\/International\/tunisie-la-coalition-nationale-tunisienne-denonce-lactivite-suspecte-de-lunion-internationale-des-savants-musulmans\/","title":{"rendered":"Tunisie: La Coalition Nationale Tunisienne d\u00e9nonce l\u2019activit\u00e9 suspecte de l\u2019Union Internationale des Savants Musulmans"},"content":{"rendered":"<div class=\"post-cont-in left relative\">\n<div id=\"post-info-wrap\" class=\"left relative post-info-out\">\n<div class=\"post-info-img left relative\"><img decoding=\"async\" alt=\"\" src=\"https:\/\/secure.gravatar.com\/avatar\/ea481d7287ad38ca1787f44b5bb1b70e?s=50&amp;d=mm&amp;r=g\" srcset=\"https:\/\/secure.gravatar.com\/avatar\/ea481d7287ad38ca1787f44b5bb1b70e?s=100&amp;d=mm&amp;r=g 2x\" class=\"avatar avatar-50 photo\" height=\"50\" width=\"50\" loading=\"lazy\"\/><\/div>\n<div class=\"post-info-in\">\n<div class=\"post-info-right left relative post-info-name left relative\"><span><span class=\"post-info-text\">Par<\/span> <span class=\"author-name vcard fn author\"><a href=\"https:\/\/www.tunisienumerique.com\/author\/rania-ben-slimane\/\" title=\"Articles par rania ben slimane\" rel=\"author\">rania ben slimane<\/a><\/span><\/span> <span class=\"post-date updated\"><time class=\"post-date updated\" datetime=\"2021-03-13\">\u00a0| Il y a 26 minutes<\/time><\/span><br \/>\n<meta itemprop=\"dateModified\" content=\"2021-03-13\"\/><\/div>\n<div class=\"left relative\"><button id=\"listenButton1\" class=\"responsivevoice-button\" type=\"button\" value=\"Play\" title=\"\u00c9coutez l'article\"><span>\ud83d\udd0a \u00c9coutez l&rsquo;article<\/span><\/button>\n<\/div>\n<\/div>\n<\/div>\n<p>Le parti de la Coalition Nationale de Tunisienne a d\u00e9nonc\u00e9 dans un communiqu\u00e9 rendu public le 09 mars 2021 le r\u00f4le suspect et ill\u00e9gal jou\u00e9 par la soi-disant \u00abUnion Internationale des Savants Musulmans \u2013 Branche de Tunis\u00bb fond\u00e9e par l\u2019islamiste Youssef Al-Qaradaoui.<\/p>\n<div class=\"code-block code-block-1 c4\">\n <ins class=\"adsbygoogle c3\" data-ad-layout=\"in-article\" data-ad-format=\"fluid\" data-ad-client=\"ca-pub-2102118777505746\" data-ad-slot=\"7301775417\"\/>\n<\/div>\n<p>Selon le parti, Al-Qaradaoui \u0153uvre depuis des ann\u00e9es \u00ab pour diffuser une culture qui n\u2019a rien \u00e0 voir avec la soci\u00e9t\u00e9 tunisienne, bas\u00e9e sur l\u2019extr\u00e9misme, l\u2019isolement et le rejet de la culture de l\u2019autre \u00bb.<\/p>\n<p>Dans le m\u00eame contexte, cette association entretient une relation \u00e9troite avec un mouvement politique tunisien.<\/p>\n<p>Le parti a d\u00e9clar\u00e9 son soutien absolu aux d\u00e9marches du Parti Destourien Libre, visant \u00e0 expulser cette organisation \u00ab\u00a0terroriste\u00a0\u00bb du sol tunisien.<\/p>\n<p>Selon la m\u00eame source, il a appel\u00e9 \u00e0 l\u2019union de tous les courants nationaux et les composantes de la soci\u00e9t\u00e9 civile contre les courants obscurantistes et \u00e0 d\u00e9fendre les acquis de l\u2019\u00c9tat ind\u00e9pendant.<\/p>\n<p><img decoding=\"async\" loading=\"lazy\" class=\"size-full wp-image-638725 aligncenter\" src=\"https:\/\/www.tunisienumerique.com\/wp-content\/uploads\/2021\/03\/communique-coalition-nationale-tunisienne.jpg\" alt=\"\" width=\"491\" height=\"437\"\/><\/p>\n<div class=\"swp_social_panel swp_horizontal_panel swp_flat_fresh swp_default_full_color swp_individual_full_color swp_other_full_color scale-100 scale-\" data-min-width=\"1100\" data-float-color=\"#ffffff\" data-float=\"bottom\" data-float-mobile=\"bottom\" data-transition=\"slide\">\n<div class=\"nc_tweetContainer swp_share_button total_shares total_sharesalt\"><span class=\"swp_count\">6 <span class=\"swp_label\">Partages<\/span><\/span><\/div>\n<\/div>\n<p><strong>Que se passe-t-il en Tunisie?<\/strong><br \/>Nous expliquons sur notre <a href=\"https:\/\/www.youtube.com\/channel\/UCRzypVq0B_yBad5eGrwBx0Q?sub_confirmation=1\" target=\"_blank\" rel=\"noopener\">cha\u00eene YouTube<\/a> . <a href=\"https:\/\/www.youtube.com\/channel\/UCRzypVq0B_yBad5eGrwBx0Q?sub_confirmation=1\" target=\"_blank\" rel=\"noopener\">Abonnez-vous!<\/a><\/p>\n<div class=\"mvp-org-wrap\" itemprop=\"publisher\">\n<div class=\"mvp-org-logo\" itemprop=\"logo\"><img decoding=\"async\" src=\"https:\/\/www.tunisienumerique.com\/wp-content\/uploads\/2017\/02\/logo_tunisie_numerique.png\"\/><br \/>\n<meta itemprop=\"url\" content=\"https:\/\/www.tunisienumerique.com\/wp-content\/uploads\/2017\/02\/logo_tunisie_numerique.png\"\/><\/div>\n<p><meta content=\"Tunisie\"\/><\/div>\n<div class=\"mvp-related-posts left relative\">\n<h4 class=\"post-header\"><span class=\"post-header\">Lire aussi<\/span><\/h4>\n<\/div>\n<div id=\"article-ad\">\n <ins class=\"adsbygoogle c5\" data-ad-client=\"ca-pub-2102118777505746\" data-ad-slot=\"6513972734\" data-ad-format=\"auto\" data-full-width-responsive=\"true\"\/>\n<\/div>\n<\/div>\n<div id=\"post-sidebar-wrap\">\n <ins class=\"adsbygoogle c5\" data-ad-client=\"ca-pub-2102118777505746\" data-ad-slot=\"6168283410\" data-ad-format=\"auto\" data-full-width-responsive=\"true\"\/>\n<\/div>\n<p>Auteur: rania ben slimane<br \/>\n<a href=\"https:\/\/www.tunisienumerique.com\/tunisie-la-coalition-nationale-tunisienne-denonce-lactivite-suspecte-de-lunion-internationale-des-savants-musulmans\/\">Cliquez ici pour lire l&rsquo;article depuis sa source.<\/a><\/p>\n","protected":false},"excerpt":{"rendered":"<p>Par rania ben slimane \u00a0| Il y a 26 minutes \ud83d\udd0a \u00c9coutez l&rsquo;article Le parti de la Coalition Nationale de Tunisienne a d\u00e9nonc\u00e9 dans un communiqu\u00e9 rendu public le 09 mars 2021 le r\u00f4le suspect et ill\u00e9gal jou\u00e9 par la soi-disant \u00abUnion Internationale des Savants Musulmans \u2013 Branche de Tunis\u00bb fond\u00e9e par l\u2019islamiste Youssef Al-Qaradaoui. [&hellip;]<\/p>\n","protected":false},"author":1789,"featured_media":0,"comment_status":"closed","ping_status":"closed","sticky":false,"template":"","format":"standard","meta":{"fifu_image_url":"https:\/\/secure.gravatar.com\/avatar\/ea481d7287ad38ca1787f44b5bb1b70e?s=50&d=mm&r=g","fifu_image_alt":"Tunisie: La Coalition Nationale Tunisienne d\u00e9nonce l\u2019activit\u00e9 suspecte de l\u2019Union Internationale des Savants Musulmans","footnotes":""},"categories":[73,55],"tags":[],"class_list":["post-113055","post","type-post","status-publish","format-standard","hentry","category-actualite","category-tunisie"],"_links":{"self":[{"href":"https:\/\/linitiative.ca\/International\/wp-json\/wp\/v2\/posts\/113055","targetHints":{"allow":["GET"]}}],"collection":[{"href":"https:\/\/linitiative.ca\/International\/wp-json\/wp\/v2\/posts"}],"about":[{"href":"https:\/\/linitiative.ca\/International\/wp-json\/wp\/v2\/types\/post"}],"author":[{"embeddable":true,"href":"https:\/\/linitiative.ca\/International\/wp-json\/wp\/v2\/users\/1789"}],"replies":[{"embeddable":true,"href":"https:\/\/linitiative.ca\/International\/wp-json\/wp\/v2\/comments?post=113055"}],"version-history":[{"count":0,"href":"https:\/\/linitiative.ca\/International\/wp-json\/wp\/v2\/posts\/113055\/revisions"}],"wp:attachment":[{"href":"https:\/\/linitiative.ca\/International\/wp-json\/wp\/v2\/media?parent=113055"}],"wp:term":[{"taxonomy":"category","embeddable":true,"href":"https:\/\/linitiative.ca\/International\/wp-json\/wp\/v2\/categories?post=113055"},{"taxonomy":"post_tag","embeddable":true,"href":"https:\/\/linitiative.ca\/International\/wp-json\/wp\/v2\/tags?post=113055"}],"curies":[{"name":"wp","href":"https:\/\/api.w.org\/{rel}","templated":true}]}}