{"id":113056,"date":"2021-03-13T17:02:29","date_gmt":"2021-03-13T22:02:29","guid":{"rendered":"https:\/\/linitiative.ca\/International\/tunisie-entretien-telephonique-entre-mechichi-et-le-chef-du-conseil-presidentiel-libyen\/"},"modified":"2021-03-13T17:02:29","modified_gmt":"2021-03-13T22:02:29","slug":"tunisie-entretien-telephonique-entre-mechichi-et-le-chef-du-conseil-presidentiel-libyen","status":"publish","type":"post","link":"https:\/\/linitiative.ca\/International\/tunisie-entretien-telephonique-entre-mechichi-et-le-chef-du-conseil-presidentiel-libyen\/","title":{"rendered":"Tunisie: Entretien t\u00e9l\u00e9phonique entre Mechichi et le chef du Conseil Pr\u00e9sidentiel libyen"},"content":{"rendered":"<div class=\"post-cont-in left relative\">\n<div id=\"post-info-wrap\" class=\"left relative post-info-out\">\n<div class=\"post-info-img left relative\"><img decoding=\"async\" alt=\"\" src=\"https:\/\/secure.gravatar.com\/avatar\/ea481d7287ad38ca1787f44b5bb1b70e?s=50&amp;d=mm&amp;r=g\" srcset=\"https:\/\/secure.gravatar.com\/avatar\/ea481d7287ad38ca1787f44b5bb1b70e?s=100&amp;d=mm&amp;r=g 2x\" class=\"avatar avatar-50 photo\" height=\"50\" width=\"50\" loading=\"lazy\"\/><\/div>\n<div class=\"post-info-in\">\n<div class=\"post-info-right left relative post-info-name left relative\"><span><span class=\"post-info-text\">Par<\/span> <span class=\"author-name vcard fn author\"><a href=\"https:\/\/www.tunisienumerique.com\/author\/rania-ben-slimane\/\" title=\"Articles par rania ben slimane\" rel=\"author\">rania ben slimane<\/a><\/span><\/span> <span class=\"post-date updated\"><time class=\"post-date updated\" datetime=\"2021-03-13\">\u00a0| Il y a 3 minutes<\/time><\/span><br \/>\n<meta itemprop=\"dateModified\" content=\"2021-03-13\"\/><\/div>\n<div class=\"left relative\"><button id=\"listenButton1\" class=\"responsivevoice-button\" type=\"button\" value=\"Play\" title=\"\u00c9coutez l'article\"><span>\ud83d\udd0a \u00c9coutez l&rsquo;article<\/span><\/button>\n<\/div>\n<\/div>\n<\/div>\n<p>La pr\u00e9sidence du Gouvernement a annonc\u00e9 dans un communiqu\u00e9 rendu public le 13 mars 2021 que le Chef du gouvernement, Hichem Mechichi s\u2019est entretenu au t\u00e9l\u00e9phone avec le Chef du Conseil Pr\u00e9sidentiel Libyen, Mohammed El-Menfi.<\/p>\n<div class=\"code-block code-block-1 c4\">\n <ins class=\"adsbygoogle c3\" data-ad-layout=\"in-article\" data-ad-format=\"fluid\" data-ad-client=\"ca-pub-2102118777505746\" data-ad-slot=\"7301775417\"\/>\n<\/div>\n<p>Au cours de leur conversation, Mechichi l\u2019a f\u00e9licit\u00e9 \u00e0 l\u2019occasion du gain de la confiance parlementaire par son gouvernement d\u2019unit\u00e9 nationale.<\/p>\n<p>Il a \u00e9galement salu\u00e9 le renforcement des relations existantes entre la Tunisie et la Libye voisine esp\u00e9rant leur d\u00e9veloppement au niveau d\u2019un partenariat strat\u00e9gique dans l\u2019int\u00e9r\u00eat des deux peuples fr\u00e8res.<\/p>\n<p>De son c\u00f4t\u00e9, El-Menfi a affirm\u00e9 la volont\u00e9 de son pays d\u2019intensifier les relations de coop\u00e9ration et d\u2019\u00e9changes commerciaux entre les deux pays.<\/p>\n<p>Ajoutant que la Tunisie, en tant que peuple et gouvernement sont solidaires avec le peuple libyen, soulignant dans le m\u00eame contexte que les tunisiens ont une position particuli\u00e8re avec leurs voisins libyens.<\/p>\n<div class=\"swp_social_panel swp_horizontal_panel swp_flat_fresh swp_default_full_color swp_individual_full_color swp_other_full_color scale-100 scale-\" data-min-width=\"1100\" data-float-color=\"#ffffff\" data-float=\"bottom\" data-float-mobile=\"bottom\" data-transition=\"slide\">\n<div class=\"nc_tweetContainer swp_share_button total_shares total_sharesalt\"><span class=\"swp_count\">0 <span class=\"swp_label\">Partages<\/span><\/span><\/div>\n<\/div>\n<p><strong>Que se passe-t-il en Tunisie?<\/strong><br \/>Nous expliquons sur notre <a href=\"https:\/\/www.youtube.com\/channel\/UCRzypVq0B_yBad5eGrwBx0Q?sub_confirmation=1\" target=\"_blank\" rel=\"noopener\">cha\u00eene YouTube<\/a> . <a href=\"https:\/\/www.youtube.com\/channel\/UCRzypVq0B_yBad5eGrwBx0Q?sub_confirmation=1\" target=\"_blank\" rel=\"noopener\">Abonnez-vous!<\/a><\/p>\n<div class=\"mvp-org-wrap\" itemprop=\"publisher\">\n<div class=\"mvp-org-logo\" itemprop=\"logo\"><img decoding=\"async\" src=\"https:\/\/www.tunisienumerique.com\/wp-content\/uploads\/2017\/02\/logo_tunisie_numerique.png\"\/><br \/>\n<meta itemprop=\"url\" content=\"https:\/\/www.tunisienumerique.com\/wp-content\/uploads\/2017\/02\/logo_tunisie_numerique.png\"\/><\/div>\n<p><meta content=\"Tunisie\"\/><\/div>\n<div class=\"mvp-related-posts left relative\">\n<h4 class=\"post-header\"><span class=\"post-header\">Lire aussi<\/span><\/h4>\n<\/div>\n<div id=\"article-ad\">\n <ins class=\"adsbygoogle c5\" data-ad-client=\"ca-pub-2102118777505746\" data-ad-slot=\"6513972734\" data-ad-format=\"auto\" data-full-width-responsive=\"true\"\/>\n<\/div>\n<\/div>\n<div id=\"post-sidebar-wrap\">\n <ins class=\"adsbygoogle c5\" data-ad-client=\"ca-pub-2102118777505746\" data-ad-slot=\"6168283410\" data-ad-format=\"auto\" data-full-width-responsive=\"true\"\/>\n<\/div>\n<p>Auteur: rania ben slimane<br \/>\n<a href=\"https:\/\/www.tunisienumerique.com\/tunisie-entretien-telephonique-entre-mechichi-et-le-chef-du-conseil-presidentiel-libyen\/\">Cliquez ici pour lire l&rsquo;article depuis sa source.<\/a><\/p>\n","protected":false},"excerpt":{"rendered":"<p>Par rania ben slimane \u00a0| Il y a 3 minutes \ud83d\udd0a \u00c9coutez l&rsquo;article La pr\u00e9sidence du Gouvernement a annonc\u00e9 dans un communiqu\u00e9 rendu public le 13 mars 2021 que le Chef du gouvernement, Hichem Mechichi s\u2019est entretenu au t\u00e9l\u00e9phone avec le Chef du Conseil Pr\u00e9sidentiel Libyen, Mohammed El-Menfi. Au cours de leur conversation, Mechichi l\u2019a [&hellip;]<\/p>\n","protected":false},"author":1789,"featured_media":0,"comment_status":"closed","ping_status":"closed","sticky":false,"template":"","format":"standard","meta":{"fifu_image_url":"https:\/\/secure.gravatar.com\/avatar\/ea481d7287ad38ca1787f44b5bb1b70e?s=50&d=mm&r=g","fifu_image_alt":"Tunisie: Entretien t\u00e9l\u00e9phonique entre Mechichi et le chef du Conseil Pr\u00e9sidentiel libyen","footnotes":""},"categories":[73,55],"tags":[],"class_list":["post-113056","post","type-post","status-publish","format-standard","hentry","category-actualite","category-tunisie"],"_links":{"self":[{"href":"https:\/\/linitiative.ca\/International\/wp-json\/wp\/v2\/posts\/113056","targetHints":{"allow":["GET"]}}],"collection":[{"href":"https:\/\/linitiative.ca\/International\/wp-json\/wp\/v2\/posts"}],"about":[{"href":"https:\/\/linitiative.ca\/International\/wp-json\/wp\/v2\/types\/post"}],"author":[{"embeddable":true,"href":"https:\/\/linitiative.ca\/International\/wp-json\/wp\/v2\/users\/1789"}],"replies":[{"embeddable":true,"href":"https:\/\/linitiative.ca\/International\/wp-json\/wp\/v2\/comments?post=113056"}],"version-history":[{"count":0,"href":"https:\/\/linitiative.ca\/International\/wp-json\/wp\/v2\/posts\/113056\/revisions"}],"wp:attachment":[{"href":"https:\/\/linitiative.ca\/International\/wp-json\/wp\/v2\/media?parent=113056"}],"wp:term":[{"taxonomy":"category","embeddable":true,"href":"https:\/\/linitiative.ca\/International\/wp-json\/wp\/v2\/categories?post=113056"},{"taxonomy":"post_tag","embeddable":true,"href":"https:\/\/linitiative.ca\/International\/wp-json\/wp\/v2\/tags?post=113056"}],"curies":[{"name":"wp","href":"https:\/\/api.w.org\/{rel}","templated":true}]}}